{"id":2036,"date":"2024-04-24T21:43:03","date_gmt":"2024-04-25T00:43:03","guid":{"rendered":"https:\/\/personaljerarquico.com.ar\/?p=2036"},"modified":"2024-04-24T21:43:04","modified_gmt":"2024-04-25T00:43:04","slug":"incremento-salarial","status":"publish","type":"post","link":"https:\/\/personaljerarquico.com.ar\/index.php\/2024\/04\/24\/incremento-salarial\/","title":{"rendered":"Incremento Salarial"},"content":{"rendered":"\n<p>Miembros de la Comisi\u00f3n Directiva se encuentran en Buenos Aires, encabezado por el Secretario General Juli\u00e1n Matamala, el Secretario Gremial Sebastian Aguilar y nuestro Colaborador Sr. Mario Bendolini firmaron el siguiente acuerdo:<br>&#8211; Remuneraci\u00f3n extraordinaria por \u00fanica vez, NO REMUNERATIVA, con el salario del mes de Abril 2024, del 13.2%.<br>&#8211; Incremento salarial del 69.1% para el mes de Abril 2024, con base de c\u00e1lculo Abril 2023.<br>Quedando conformada as\u00ed la base de c\u00e1lculo para el periodo paritario 2024 &#8211; 2025<\/p>\n\n\n\n<p><\/p>\n\n\n<div class=\"wp-block-image\">\n<figure class=\"aligncenter size-large\"><img loading=\"lazy\" width=\"819\" height=\"1024\" src=\"https:\/\/personaljerarquico.com.ar\/wp-content\/uploads\/2024\/04\/436568880_17999859836547517_7423718147833942222_n-819x1024.jpg\" alt=\"\" class=\"wp-image-2037\"\/><\/figure><\/div>","protected":false},"excerpt":{"rendered":"<p>Miembros de la Comisi\u00f3n Directiva se encuentran en Buenos Aires, encabezado por el Secretario General<\/p>\n","protected":false},"author":5,"featured_media":2037,"comment_status":"open","ping_status":"open","sticky":false,"template":"","format":"standard","meta":{"_monsterinsights_skip_tracking":false,"_monsterinsights_sitenote_active":false,"_monsterinsights_sitenote_note":"","_monsterinsights_sitenote_category":0},"categories":[10],"tags":[],"featured_image_urls":{"full":["https:\/\/personaljerarquico.com.ar\/wp-content\/uploads\/2024\/04\/436568880_17999859836547517_7423718147833942222_n.jpg",1350,1687,false],"thumbnail":["https:\/\/personaljerarquico.com.ar\/wp-content\/uploads\/2024\/04\/436568880_17999859836547517_7423718147833942222_n-150x150.jpg",150,150,true],"medium":["https:\/\/personaljerarquico.com.ar\/wp-content\/uploads\/2024\/04\/436568880_17999859836547517_7423718147833942222_n-240x300.jpg",240,300,true],"medium_large":["https:\/\/personaljerarquico.com.ar\/wp-content\/uploads\/2024\/04\/436568880_17999859836547517_7423718147833942222_n-768x960.jpg",640,800,true],"large":["https:\/\/personaljerarquico.com.ar\/wp-content\/uploads\/2024\/04\/436568880_17999859836547517_7423718147833942222_n-819x1024.jpg",640,800,true],"1536x1536":["https:\/\/personaljerarquico.com.ar\/wp-content\/uploads\/2024\/04\/436568880_17999859836547517_7423718147833942222_n-1229x1536.jpg",1229,1536,true],"2048x2048":["https:\/\/personaljerarquico.com.ar\/wp-content\/uploads\/2024\/04\/436568880_17999859836547517_7423718147833942222_n.jpg",1350,1687,false],"ultp_layout_landscape_large":["https:\/\/personaljerarquico.com.ar\/wp-content\/uploads\/2024\/04\/436568880_17999859836547517_7423718147833942222_n-1200x800.jpg",1200,800,true],"ultp_layout_landscape":["https:\/\/personaljerarquico.com.ar\/wp-content\/uploads\/2024\/04\/436568880_17999859836547517_7423718147833942222_n-870x570.jpg",870,570,true],"ultp_layout_portrait":["https:\/\/personaljerarquico.com.ar\/wp-content\/uploads\/2024\/04\/436568880_17999859836547517_7423718147833942222_n-600x900.jpg",600,900,true],"ultp_layout_square":["https:\/\/personaljerarquico.com.ar\/wp-content\/uploads\/2024\/04\/436568880_17999859836547517_7423718147833942222_n-600x600.jpg",600,600,true],"magazine-7-slider-full":["https:\/\/personaljerarquico.com.ar\/wp-content\/uploads\/2024\/04\/436568880_17999859836547517_7423718147833942222_n-1350x1020.jpg",1350,1020,true],"magazine-7-slider-center":["https:\/\/personaljerarquico.com.ar\/wp-content\/uploads\/2024\/04\/436568880_17999859836547517_7423718147833942222_n-936x897.jpg",936,897,true],"magazine-7-featured":["https:\/\/personaljerarquico.com.ar\/wp-content\/uploads\/2024\/04\/436568880_17999859836547517_7423718147833942222_n-1024x1280.jpg",1024,1280,true],"magazine-7-medium":["https:\/\/personaljerarquico.com.ar\/wp-content\/uploads\/2024\/04\/436568880_17999859836547517_7423718147833942222_n-720x380.jpg",720,380,true],"magazine-7-medium-square":["https:\/\/personaljerarquico.com.ar\/wp-content\/uploads\/2024\/04\/436568880_17999859836547517_7423718147833942222_n-675x450.jpg",675,450,true],"menu-24x24":["https:\/\/personaljerarquico.com.ar\/wp-content\/uploads\/2024\/04\/436568880_17999859836547517_7423718147833942222_n-19x24.jpg",19,24,true],"menu-36x36":["https:\/\/personaljerarquico.com.ar\/wp-content\/uploads\/2024\/04\/436568880_17999859836547517_7423718147833942222_n-29x36.jpg",29,36,true],"menu-48x48":["https:\/\/personaljerarquico.com.ar\/wp-content\/uploads\/2024\/04\/436568880_17999859836547517_7423718147833942222_n-38x48.jpg",38,48,true]},"author_info":{"display_name":"Thomas","author_link":"https:\/\/personaljerarquico.com.ar\/index.php\/author\/thomylij\/"},"category_info":"<a href=\"https:\/\/personaljerarquico.com.ar\/index.php\/category\/laborsindical\/\" rel=\"category tag\">Labor sindical<\/a>","tag_info":"Labor sindical","comment_count":"0","_links":{"self":[{"href":"https:\/\/personaljerarquico.com.ar\/index.php\/wp-json\/wp\/v2\/posts\/2036"}],"collection":[{"href":"https:\/\/personaljerarquico.com.ar\/index.php\/wp-json\/wp\/v2\/posts"}],"about":[{"href":"https:\/\/personaljerarquico.com.ar\/index.php\/wp-json\/wp\/v2\/types\/post"}],"author":[{"embeddable":true,"href":"https:\/\/personaljerarquico.com.ar\/index.php\/wp-json\/wp\/v2\/users\/5"}],"replies":[{"embeddable":true,"href":"https:\/\/personaljerarquico.com.ar\/index.php\/wp-json\/wp\/v2\/comments?post=2036"}],"version-history":[{"count":1,"href":"https:\/\/personaljerarquico.com.ar\/index.php\/wp-json\/wp\/v2\/posts\/2036\/revisions"}],"predecessor-version":[{"id":2038,"href":"https:\/\/personaljerarquico.com.ar\/index.php\/wp-json\/wp\/v2\/posts\/2036\/revisions\/2038"}],"wp:featuredmedia":[{"embeddable":true,"href":"https:\/\/personaljerarquico.com.ar\/index.php\/wp-json\/wp\/v2\/media\/2037"}],"wp:attachment":[{"href":"https:\/\/personaljerarquico.com.ar\/index.php\/wp-json\/wp\/v2\/media?parent=2036"}],"wp:term":[{"taxonomy":"category","embeddable":true,"href":"https:\/\/personaljerarquico.com.ar\/index.php\/wp-json\/wp\/v2\/categories?post=2036"},{"taxonomy":"post_tag","embeddable":true,"href":"https:\/\/personaljerarquico.com.ar\/index.php\/wp-json\/wp\/v2\/tags?post=2036"}],"curies":[{"name":"wp","href":"https:\/\/api.w.org\/{rel}","templated":true}]}}