{"id":1982,"date":"2023-12-11T11:33:15","date_gmt":"2023-12-11T14:33:15","guid":{"rendered":"https:\/\/personaljerarquico.com.ar\/?p=1982"},"modified":"2023-12-11T13:39:02","modified_gmt":"2023-12-11T16:39:02","slug":"visita-barrancas-y-vizcacheras","status":"publish","type":"post","link":"https:\/\/personaljerarquico.com.ar\/index.php\/2023\/12\/11\/visita-barrancas-y-vizcacheras\/","title":{"rendered":"Visita a Barrancas y Vizcacheras"},"content":{"rendered":"\n<p>En el d\u00eda de ayer Miembros de la Comisi\u00f3n Directiva de nuestro sindicato visitaron Barrancas y Vizcacheras, convocando a todos los representados . Se ofreci\u00f3 asistencia a cualquier duda o inquietud de los trabajadores adem\u00e1s de visitar sus puestos de trabajo.<\/p>\n\n\n\n<p><a href=\"https:\/\/www.facebook.com\/photo\/?fbid=701045862089856&amp;set=pcb.701045888756520&amp;__cft__[0]=AZU08vL6gI7K80CSwe-Sj21i2lyueBWHzKobi7Ue3NQO531Z8_uwETjRuYF_lPXLN6ubOkqf5XqDn76qMaipSgQzaIUpEd1eK_9WpkcYwQSgR4VbXkwxs0DbtRzvcB-PgSvS0lF7fN4tlbO63rsxjKlhAXIcENFagQQvCch1OGMEFxYAwbdZ2irT3r5owU3P-Aw&amp;__tn__=*bH-R\"><\/a><\/p>\n\n\n<div class=\"wp-block-image\">\n<figure class=\"aligncenter\"><a href=\"https:\/\/www.facebook.com\/photo\/?fbid=701045862089856&amp;set=pcb.701045888756520&amp;__cft__[0]=AZU08vL6gI7K80CSwe-Sj21i2lyueBWHzKobi7Ue3NQO531Z8_uwETjRuYF_lPXLN6ubOkqf5XqDn76qMaipSgQzaIUpEd1eK_9WpkcYwQSgR4VbXkwxs0DbtRzvcB-PgSvS0lF7fN4tlbO63rsxjKlhAXIcENFagQQvCch1OGMEFxYAwbdZ2irT3r5owU3P-Aw&amp;__tn__=*bH-R\"><img src=\"https:\/\/scontent.fmdz1-1.fna.fbcdn.net\/v\/t39.30808-6\/408612504_17984848952547517_2063820707773868793_n.jpg?_nc_cat=105&amp;ccb=1-7&amp;_nc_sid=3635dc&amp;_nc_ohc=XkDjnAgu1CUAX_uLoHe&amp;_nc_ht=scontent.fmdz1-1.fna&amp;oh=00_AfCYmRfrKAlAKuvita7E-2xFq0VIJ5c3ZeQImaAf12Jt9A&amp;oe=657B9BA9\" alt=\"\"\/><\/a><\/figure><\/div>\n\n\n<p><a href=\"https:\/\/www.facebook.com\/photo\/?fbid=701045858756523&amp;set=pcb.701045888756520&amp;__cft__[0]=AZU08vL6gI7K80CSwe-Sj21i2lyueBWHzKobi7Ue3NQO531Z8_uwETjRuYF_lPXLN6ubOkqf5XqDn76qMaipSgQzaIUpEd1eK_9WpkcYwQSgR4VbXkwxs0DbtRzvcB-PgSvS0lF7fN4tlbO63rsxjKlhAXIcENFagQQvCch1OGMEFxYAwbdZ2irT3r5owU3P-Aw&amp;__tn__=*bH-R\"><\/a><\/p>\n\n\n<div class=\"wp-block-image\">\n<figure class=\"aligncenter\"><a href=\"https:\/\/www.facebook.com\/photo\/?fbid=701045858756523&amp;set=pcb.701045888756520&amp;__cft__[0]=AZU08vL6gI7K80CSwe-Sj21i2lyueBWHzKobi7Ue3NQO531Z8_uwETjRuYF_lPXLN6ubOkqf5XqDn76qMaipSgQzaIUpEd1eK_9WpkcYwQSgR4VbXkwxs0DbtRzvcB-PgSvS0lF7fN4tlbO63rsxjKlhAXIcENFagQQvCch1OGMEFxYAwbdZ2irT3r5owU3P-Aw&amp;__tn__=*bH-R\"><img src=\"https:\/\/scontent.fmdz1-1.fna.fbcdn.net\/v\/t39.30808-6\/408671529_17984848967547517_924593279669510781_n.jpg?_nc_cat=105&amp;ccb=1-7&amp;_nc_sid=3635dc&amp;_nc_ohc=CKgMj3dsBEsAX-UrSHF&amp;_nc_ht=scontent.fmdz1-1.fna&amp;oh=00_AfAoO2iNDeZYodClsYRLvWaoNAHfNWAfqX7EzTPPCoPTxQ&amp;oe=657CFE0D\" alt=\"\"\/><\/a><\/figure><\/div>\n\n\n<p><a href=\"https:\/\/www.facebook.com\/photo\/?fbid=701045855423190&amp;set=pcb.701045888756520&amp;__cft__[0]=AZU08vL6gI7K80CSwe-Sj21i2lyueBWHzKobi7Ue3NQO531Z8_uwETjRuYF_lPXLN6ubOkqf5XqDn76qMaipSgQzaIUpEd1eK_9WpkcYwQSgR4VbXkwxs0DbtRzvcB-PgSvS0lF7fN4tlbO63rsxjKlhAXIcENFagQQvCch1OGMEFxYAwbdZ2irT3r5owU3P-Aw&amp;__tn__=*bH-R\"><\/a><\/p>\n\n\n<div class=\"wp-block-image\">\n<figure class=\"aligncenter\"><a href=\"https:\/\/www.facebook.com\/photo\/?fbid=701045855423190&amp;set=pcb.701045888756520&amp;__cft__[0]=AZU08vL6gI7K80CSwe-Sj21i2lyueBWHzKobi7Ue3NQO531Z8_uwETjRuYF_lPXLN6ubOkqf5XqDn76qMaipSgQzaIUpEd1eK_9WpkcYwQSgR4VbXkwxs0DbtRzvcB-PgSvS0lF7fN4tlbO63rsxjKlhAXIcENFagQQvCch1OGMEFxYAwbdZ2irT3r5owU3P-Aw&amp;__tn__=*bH-R\"><img src=\"https:\/\/scontent.fmdz1-1.fna.fbcdn.net\/v\/t39.30808-6\/408953200_17984848970547517_2779690435241211672_n.jpg?_nc_cat=104&amp;ccb=1-7&amp;_nc_sid=3635dc&amp;_nc_ohc=fQ3C4nHjJfAAX-ZbD4P&amp;_nc_ht=scontent.fmdz1-1.fna&amp;oh=00_AfC4baH9wBOjHznnLm3R-LE9_NY5yUXaWJ1LocClh8uZyw&amp;oe=657B9ABC\" alt=\"\"\/><\/a><\/figure><\/div>\n\n\n<p><\/p>\n","protected":false},"excerpt":{"rendered":"<p>En el d\u00eda de ayer Miembros de la Comisi\u00f3n Directiva de nuestro sindicato visitaron Barrancas<\/p>\n","protected":false},"author":5,"featured_media":1983,"comment_status":"open","ping_status":"open","sticky":false,"template":"","format":"standard","meta":{"_monsterinsights_skip_tracking":false,"_monsterinsights_sitenote_active":false,"_monsterinsights_sitenote_note":"","_monsterinsights_sitenote_category":0},"categories":[10],"tags":[],"featured_image_urls":{"full":["https:\/\/personaljerarquico.com.ar\/wp-content\/uploads\/2023\/12\/408612504_17984848952547517_2063820707773868793_n.jpg",670,350,false],"thumbnail":["https:\/\/personaljerarquico.com.ar\/wp-content\/uploads\/2023\/12\/408612504_17984848952547517_2063820707773868793_n-150x150.jpg",150,150,true],"medium":["https:\/\/personaljerarquico.com.ar\/wp-content\/uploads\/2023\/12\/408612504_17984848952547517_2063820707773868793_n-300x157.jpg",300,157,true],"medium_large":["https:\/\/personaljerarquico.com.ar\/wp-content\/uploads\/2023\/12\/408612504_17984848952547517_2063820707773868793_n.jpg",640,334,false],"large":["https:\/\/personaljerarquico.com.ar\/wp-content\/uploads\/2023\/12\/408612504_17984848952547517_2063820707773868793_n.jpg",640,334,false],"1536x1536":["https:\/\/personaljerarquico.com.ar\/wp-content\/uploads\/2023\/12\/408612504_17984848952547517_2063820707773868793_n.jpg",670,350,false],"2048x2048":["https:\/\/personaljerarquico.com.ar\/wp-content\/uploads\/2023\/12\/408612504_17984848952547517_2063820707773868793_n.jpg",670,350,false],"ultp_layout_landscape_large":["https:\/\/personaljerarquico.com.ar\/wp-content\/uploads\/2023\/12\/408612504_17984848952547517_2063820707773868793_n.jpg",670,350,false],"ultp_layout_landscape":["https:\/\/personaljerarquico.com.ar\/wp-content\/uploads\/2023\/12\/408612504_17984848952547517_2063820707773868793_n.jpg",670,350,false],"ultp_layout_portrait":["https:\/\/personaljerarquico.com.ar\/wp-content\/uploads\/2023\/12\/408612504_17984848952547517_2063820707773868793_n-600x350.jpg",600,350,true],"ultp_layout_square":["https:\/\/personaljerarquico.com.ar\/wp-content\/uploads\/2023\/12\/408612504_17984848952547517_2063820707773868793_n-600x350.jpg",600,350,true],"magazine-7-slider-full":["https:\/\/personaljerarquico.com.ar\/wp-content\/uploads\/2023\/12\/408612504_17984848952547517_2063820707773868793_n.jpg",670,350,false],"magazine-7-slider-center":["https:\/\/personaljerarquico.com.ar\/wp-content\/uploads\/2023\/12\/408612504_17984848952547517_2063820707773868793_n.jpg",670,350,false],"magazine-7-featured":["https:\/\/personaljerarquico.com.ar\/wp-content\/uploads\/2023\/12\/408612504_17984848952547517_2063820707773868793_n.jpg",670,350,false],"magazine-7-medium":["https:\/\/personaljerarquico.com.ar\/wp-content\/uploads\/2023\/12\/408612504_17984848952547517_2063820707773868793_n.jpg",670,350,false],"magazine-7-medium-square":["https:\/\/personaljerarquico.com.ar\/wp-content\/uploads\/2023\/12\/408612504_17984848952547517_2063820707773868793_n.jpg",670,350,false],"menu-24x24":["https:\/\/personaljerarquico.com.ar\/wp-content\/uploads\/2023\/12\/408612504_17984848952547517_2063820707773868793_n-24x13.jpg",24,13,true],"menu-36x36":["https:\/\/personaljerarquico.com.ar\/wp-content\/uploads\/2023\/12\/408612504_17984848952547517_2063820707773868793_n-36x19.jpg",36,19,true],"menu-48x48":["https:\/\/personaljerarquico.com.ar\/wp-content\/uploads\/2023\/12\/408612504_17984848952547517_2063820707773868793_n-48x25.jpg",48,25,true]},"author_info":{"display_name":"Thomas","author_link":"https:\/\/personaljerarquico.com.ar\/index.php\/author\/thomylij\/"},"category_info":"<a href=\"https:\/\/personaljerarquico.com.ar\/index.php\/category\/laborsindical\/\" rel=\"category tag\">Labor sindical<\/a>","tag_info":"Labor sindical","comment_count":"0","_links":{"self":[{"href":"https:\/\/personaljerarquico.com.ar\/index.php\/wp-json\/wp\/v2\/posts\/1982"}],"collection":[{"href":"https:\/\/personaljerarquico.com.ar\/index.php\/wp-json\/wp\/v2\/posts"}],"about":[{"href":"https:\/\/personaljerarquico.com.ar\/index.php\/wp-json\/wp\/v2\/types\/post"}],"author":[{"embeddable":true,"href":"https:\/\/personaljerarquico.com.ar\/index.php\/wp-json\/wp\/v2\/users\/5"}],"replies":[{"embeddable":true,"href":"https:\/\/personaljerarquico.com.ar\/index.php\/wp-json\/wp\/v2\/comments?post=1982"}],"version-history":[{"count":2,"href":"https:\/\/personaljerarquico.com.ar\/index.php\/wp-json\/wp\/v2\/posts\/1982\/revisions"}],"predecessor-version":[{"id":1989,"href":"https:\/\/personaljerarquico.com.ar\/index.php\/wp-json\/wp\/v2\/posts\/1982\/revisions\/1989"}],"wp:featuredmedia":[{"embeddable":true,"href":"https:\/\/personaljerarquico.com.ar\/index.php\/wp-json\/wp\/v2\/media\/1983"}],"wp:attachment":[{"href":"https:\/\/personaljerarquico.com.ar\/index.php\/wp-json\/wp\/v2\/media?parent=1982"}],"wp:term":[{"taxonomy":"category","embeddable":true,"href":"https:\/\/personaljerarquico.com.ar\/index.php\/wp-json\/wp\/v2\/categories?post=1982"},{"taxonomy":"post_tag","embeddable":true,"href":"https:\/\/personaljerarquico.com.ar\/index.php\/wp-json\/wp\/v2\/tags?post=1982"}],"curies":[{"name":"wp","href":"https:\/\/api.w.org\/{rel}","templated":true}]}}