{"id":1932,"date":"2023-11-07T11:49:26","date_gmt":"2023-11-07T14:49:26","guid":{"rendered":"https:\/\/personaljerarquico.com.ar\/?p=1932"},"modified":"2023-11-07T11:49:26","modified_gmt":"2023-11-07T14:49:26","slug":"nuevo-logro-para-los-trabajadores-petroleros","status":"publish","type":"post","link":"https:\/\/personaljerarquico.com.ar\/index.php\/2023\/11\/07\/nuevo-logro-para-los-trabajadores-petroleros\/","title":{"rendered":"Nuevo Logro Para Los Trabajadores Petroleros"},"content":{"rendered":"\n<p>La Comisi\u00f3n Directiva de nuestro sindicato, encabezado por el Secretario General Juli\u00e1n Matamala junto al Secretario Gremial Sebasti\u00e1n Aguilar, en funci\u00f3n&nbsp;a las variables econ\u00f3micas y su impacto en el salario de nuestros trabajadores representados, se acord\u00f3:<\/p>\n\n\n\n<p>* 15% a partir del 1 de Octubre 2023 NO REMUNERATIVO, hasta diciembre 2023. Pasando a REMUNERATIVO el 01 de Enero de 2024.<\/p>\n\n\n\n<p>* Nueva revisi\u00f3n en Noviembre 2023, de acuerdo al IPC.<\/p>\n\n\n\n<p>El <a><\/a>compromiso que siempre caracteriz\u00f3 a nuestro Gremio, se traduce en verdaderos resultados.<\/p>\n\n\n\n<p><a href=\"https:\/\/www.facebook.com\/photo\/?fbid=675268651334244&amp;set=pcb.675268674667575&amp;__cft__[0]=AZUjq46abu-XftpIFT_yr4TSxQRcxSOA695F0WGim462SqKXmB0cjJlC8wF_lVJNlrlHIH1MXBdHS9nAMnBcs22tB4L7wkslUs9YcZALYNpvqmbqCi8AmH6zmzPv-M1-1KjiF7_caCjtIrqzs6EzUNoHdQfO3amzXrFHiI4HmoVEfb7ISplDte-RgGLaXW0Wmxg&amp;__tn__=*bH-R\"><\/a><\/p>\n\n\n<div class=\"wp-block-image\">\n<figure class=\"aligncenter\"><a href=\"https:\/\/www.facebook.com\/photo\/?fbid=675268651334244&amp;set=pcb.675268674667575&amp;__cft__[0]=AZUjq46abu-XftpIFT_yr4TSxQRcxSOA695F0WGim462SqKXmB0cjJlC8wF_lVJNlrlHIH1MXBdHS9nAMnBcs22tB4L7wkslUs9YcZALYNpvqmbqCi8AmH6zmzPv-M1-1KjiF7_caCjtIrqzs6EzUNoHdQfO3amzXrFHiI4HmoVEfb7ISplDte-RgGLaXW0Wmxg&amp;__tn__=*bH-R\"><img src=\"https:\/\/scontent.fmdz1-1.fna.fbcdn.net\/v\/t39.30808-6\/393609601_17978039000547517_3455159247699911481_n.jpg?stp=dst-jpg_p960x960&amp;_nc_cat=100&amp;ccb=1-7&amp;_nc_sid=5f2048&amp;_nc_ohc=ElBnALI51WwAX9QuWs0&amp;_nc_ht=scontent.fmdz1-1.fna&amp;oh=00_AfD8MSQPFL8uxYoMrIFnoKV3TQNUQuCuzMdYAee25zD2Qw&amp;oe=65501D82\" alt=\"\"\/><\/a><\/figure><\/div>\n\n\n<p><a href=\"https:\/\/www.facebook.com\/photo\/?fbid=675268654667577&amp;set=pcb.675268674667575&amp;__cft__[0]=AZUjq46abu-XftpIFT_yr4TSxQRcxSOA695F0WGim462SqKXmB0cjJlC8wF_lVJNlrlHIH1MXBdHS9nAMnBcs22tB4L7wkslUs9YcZALYNpvqmbqCi8AmH6zmzPv-M1-1KjiF7_caCjtIrqzs6EzUNoHdQfO3amzXrFHiI4HmoVEfb7ISplDte-RgGLaXW0Wmxg&amp;__tn__=*bH-R\"><\/a><\/p>\n\n\n\n<figure class=\"wp-block-image\"><a href=\"https:\/\/www.facebook.com\/photo\/?fbid=675268654667577&amp;set=pcb.675268674667575&amp;__cft__[0]=AZUjq46abu-XftpIFT_yr4TSxQRcxSOA695F0WGim462SqKXmB0cjJlC8wF_lVJNlrlHIH1MXBdHS9nAMnBcs22tB4L7wkslUs9YcZALYNpvqmbqCi8AmH6zmzPv-M1-1KjiF7_caCjtIrqzs6EzUNoHdQfO3amzXrFHiI4HmoVEfb7ISplDte-RgGLaXW0Wmxg&amp;__tn__=*bH-R\"><img src=\"https:\/\/scontent.fmdz1-1.fna.fbcdn.net\/v\/t39.30808-6\/393599285_17978039003547517_8593125291745907017_n.jpg?stp=dst-jpg_p960x960&amp;_nc_cat=108&amp;ccb=1-7&amp;_nc_sid=5f2048&amp;_nc_ohc=Hbs7OG6A5VkAX8j-di_&amp;_nc_ht=scontent.fmdz1-1.fna&amp;oh=00_AfAFIEzuGEEpN4_Inbcvqwq05sK3rVnTW6CEFxVYDpn_zw&amp;oe=654FA112\" alt=\"\"\/><\/a><\/figure>\n\n\n\n<p><\/p>\n","protected":false},"excerpt":{"rendered":"<p>La Comisi\u00f3n Directiva de nuestro sindicato, encabezado por el Secretario General Juli\u00e1n Matamala junto al<\/p>\n","protected":false},"author":5,"featured_media":1933,"comment_status":"open","ping_status":"open","sticky":false,"template":"","format":"standard","meta":{"_monsterinsights_skip_tracking":false,"_monsterinsights_sitenote_active":false,"_monsterinsights_sitenote_note":"","_monsterinsights_sitenote_category":0},"categories":[10],"tags":[],"featured_image_urls":{"full":["https:\/\/personaljerarquico.com.ar\/wp-content\/uploads\/2023\/11\/393609601_17978039000547517_3455159247699911481_n.jpg",960,960,false],"thumbnail":["https:\/\/personaljerarquico.com.ar\/wp-content\/uploads\/2023\/11\/393609601_17978039000547517_3455159247699911481_n-150x150.jpg",150,150,true],"medium":["https:\/\/personaljerarquico.com.ar\/wp-content\/uploads\/2023\/11\/393609601_17978039000547517_3455159247699911481_n-300x300.jpg",300,300,true],"medium_large":["https:\/\/personaljerarquico.com.ar\/wp-content\/uploads\/2023\/11\/393609601_17978039000547517_3455159247699911481_n-768x768.jpg",640,640,true],"large":["https:\/\/personaljerarquico.com.ar\/wp-content\/uploads\/2023\/11\/393609601_17978039000547517_3455159247699911481_n.jpg",640,640,false],"1536x1536":["https:\/\/personaljerarquico.com.ar\/wp-content\/uploads\/2023\/11\/393609601_17978039000547517_3455159247699911481_n.jpg",960,960,false],"2048x2048":["https:\/\/personaljerarquico.com.ar\/wp-content\/uploads\/2023\/11\/393609601_17978039000547517_3455159247699911481_n.jpg",960,960,false],"ultp_layout_landscape_large":["https:\/\/personaljerarquico.com.ar\/wp-content\/uploads\/2023\/11\/393609601_17978039000547517_3455159247699911481_n-960x800.jpg",960,800,true],"ultp_layout_landscape":["https:\/\/personaljerarquico.com.ar\/wp-content\/uploads\/2023\/11\/393609601_17978039000547517_3455159247699911481_n-870x570.jpg",870,570,true],"ultp_layout_portrait":["https:\/\/personaljerarquico.com.ar\/wp-content\/uploads\/2023\/11\/393609601_17978039000547517_3455159247699911481_n-600x900.jpg",600,900,true],"ultp_layout_square":["https:\/\/personaljerarquico.com.ar\/wp-content\/uploads\/2023\/11\/393609601_17978039000547517_3455159247699911481_n-600x600.jpg",600,600,true],"magazine-7-slider-full":["https:\/\/personaljerarquico.com.ar\/wp-content\/uploads\/2023\/11\/393609601_17978039000547517_3455159247699911481_n.jpg",960,960,false],"magazine-7-slider-center":["https:\/\/personaljerarquico.com.ar\/wp-content\/uploads\/2023\/11\/393609601_17978039000547517_3455159247699911481_n-936x897.jpg",936,897,true],"magazine-7-featured":["https:\/\/personaljerarquico.com.ar\/wp-content\/uploads\/2023\/11\/393609601_17978039000547517_3455159247699911481_n.jpg",960,960,false],"magazine-7-medium":["https:\/\/personaljerarquico.com.ar\/wp-content\/uploads\/2023\/11\/393609601_17978039000547517_3455159247699911481_n-720x380.jpg",720,380,true],"magazine-7-medium-square":["https:\/\/personaljerarquico.com.ar\/wp-content\/uploads\/2023\/11\/393609601_17978039000547517_3455159247699911481_n-675x450.jpg",675,450,true],"menu-24x24":["https:\/\/personaljerarquico.com.ar\/wp-content\/uploads\/2023\/11\/393609601_17978039000547517_3455159247699911481_n-24x24.jpg",24,24,true],"menu-36x36":["https:\/\/personaljerarquico.com.ar\/wp-content\/uploads\/2023\/11\/393609601_17978039000547517_3455159247699911481_n-36x36.jpg",36,36,true],"menu-48x48":["https:\/\/personaljerarquico.com.ar\/wp-content\/uploads\/2023\/11\/393609601_17978039000547517_3455159247699911481_n-48x48.jpg",48,48,true]},"author_info":{"display_name":"Thomas","author_link":"https:\/\/personaljerarquico.com.ar\/index.php\/author\/thomylij\/"},"category_info":"<a href=\"https:\/\/personaljerarquico.com.ar\/index.php\/category\/laborsindical\/\" rel=\"category tag\">Labor sindical<\/a>","tag_info":"Labor sindical","comment_count":"0","_links":{"self":[{"href":"https:\/\/personaljerarquico.com.ar\/index.php\/wp-json\/wp\/v2\/posts\/1932"}],"collection":[{"href":"https:\/\/personaljerarquico.com.ar\/index.php\/wp-json\/wp\/v2\/posts"}],"about":[{"href":"https:\/\/personaljerarquico.com.ar\/index.php\/wp-json\/wp\/v2\/types\/post"}],"author":[{"embeddable":true,"href":"https:\/\/personaljerarquico.com.ar\/index.php\/wp-json\/wp\/v2\/users\/5"}],"replies":[{"embeddable":true,"href":"https:\/\/personaljerarquico.com.ar\/index.php\/wp-json\/wp\/v2\/comments?post=1932"}],"version-history":[{"count":1,"href":"https:\/\/personaljerarquico.com.ar\/index.php\/wp-json\/wp\/v2\/posts\/1932\/revisions"}],"predecessor-version":[{"id":1934,"href":"https:\/\/personaljerarquico.com.ar\/index.php\/wp-json\/wp\/v2\/posts\/1932\/revisions\/1934"}],"wp:featuredmedia":[{"embeddable":true,"href":"https:\/\/personaljerarquico.com.ar\/index.php\/wp-json\/wp\/v2\/media\/1933"}],"wp:attachment":[{"href":"https:\/\/personaljerarquico.com.ar\/index.php\/wp-json\/wp\/v2\/media?parent=1932"}],"wp:term":[{"taxonomy":"category","embeddable":true,"href":"https:\/\/personaljerarquico.com.ar\/index.php\/wp-json\/wp\/v2\/categories?post=1932"},{"taxonomy":"post_tag","embeddable":true,"href":"https:\/\/personaljerarquico.com.ar\/index.php\/wp-json\/wp\/v2\/tags?post=1932"}],"curies":[{"name":"wp","href":"https:\/\/api.w.org\/{rel}","templated":true}]}}