{"id":1887,"date":"2023-08-04T11:40:04","date_gmt":"2023-08-04T14:40:04","guid":{"rendered":"https:\/\/personaljerarquico.com.ar\/?p=1887"},"modified":"2023-08-04T11:40:07","modified_gmt":"2023-08-04T14:40:07","slug":"charla-de-explotacion-petrolera","status":"publish","type":"post","link":"https:\/\/personaljerarquico.com.ar\/index.php\/2023\/08\/04\/charla-de-explotacion-petrolera\/","title":{"rendered":"Charla De Explotaci\u00f3n Petrolera"},"content":{"rendered":"\n<p>En el d\u00eda de ayer, miembros de la Comisi\u00f3n Directiva de nuestro sindicato y mutual, visitaron la escuela N\u00ba 4059 Hermana M\u00f3nica Loyarte, para exponer una charla acerca de la explotaci\u00f3n petrolera, medidas de seguridad y calidad en el ambiente de trabajo, desmistificando los falsos rumores paran\u00f3cos que tanto est\u00e1n afectando a las nuevas generaciones.<\/p>\n\n\n\n<p><\/p>\n\n\n\n<p><\/p>\n\n\n<div class=\"wp-block-image\">\n<figure class=\"aligncenter size-full\"><img loading=\"lazy\" width=\"672\" height=\"353\" src=\"https:\/\/personaljerarquico.com.ar\/wp-content\/uploads\/2023\/08\/362645886_636562768538166_1145955923531576190_n.jpg\" alt=\"\" class=\"wp-image-1890\"\/><\/figure><\/div>\n\n\n<p><\/p>\n\n\n\n<p>Expusimos la importancia de la industria en la vida cotidiana y se\u00f1alamos la riqueza que est\u00e1 bajo nuestros pies y como ayudar\u00edan al crecimiento, al desarrollo de nuestro entorno en general. Compartimos un &#8220;break fast&#8221; despu\u00e9s de la charla para cerrar el encuentro. Agradecemos al personal docente y alumnos por su predisposici\u00f3n y excelente asistencia por nuestra visita.<\/p>\n\n\n\n<p><\/p>\n\n\n<div class=\"wp-block-image\">\n<figure class=\"aligncenter size-full\"><img loading=\"lazy\" width=\"670\" height=\"350\" src=\"https:\/\/personaljerarquico.com.ar\/wp-content\/uploads\/2023\/08\/363415858_636562765204833_4835645507014458970_n.jpg\" alt=\"\" class=\"wp-image-1888\"\/><\/figure><\/div>\n\n\n<p><\/p>\n\n\n\n<p><\/p>\n\n\n\n<figure class=\"wp-block-image\"><img alt=\"\"\/><\/figure>\n","protected":false},"excerpt":{"rendered":"<p>En el d\u00eda de ayer, miembros de la Comisi\u00f3n Directiva de nuestro sindicato y mutual,<\/p>\n","protected":false},"author":5,"featured_media":1889,"comment_status":"open","ping_status":"open","sticky":false,"template":"","format":"standard","meta":{"_monsterinsights_skip_tracking":false,"_monsterinsights_sitenote_active":false,"_monsterinsights_sitenote_note":"","_monsterinsights_sitenote_category":0},"categories":[10],"tags":[],"featured_image_urls":{"full":["https:\/\/personaljerarquico.com.ar\/wp-content\/uploads\/2023\/08\/363415858_636562765204833_4835645507014458970_n-1.jpg",670,350,false],"thumbnail":["https:\/\/personaljerarquico.com.ar\/wp-content\/uploads\/2023\/08\/363415858_636562765204833_4835645507014458970_n-1-150x150.jpg",150,150,true],"medium":["https:\/\/personaljerarquico.com.ar\/wp-content\/uploads\/2023\/08\/363415858_636562765204833_4835645507014458970_n-1-300x157.jpg",300,157,true],"medium_large":["https:\/\/personaljerarquico.com.ar\/wp-content\/uploads\/2023\/08\/363415858_636562765204833_4835645507014458970_n-1.jpg",640,334,false],"large":["https:\/\/personaljerarquico.com.ar\/wp-content\/uploads\/2023\/08\/363415858_636562765204833_4835645507014458970_n-1.jpg",640,334,false],"1536x1536":["https:\/\/personaljerarquico.com.ar\/wp-content\/uploads\/2023\/08\/363415858_636562765204833_4835645507014458970_n-1.jpg",670,350,false],"2048x2048":["https:\/\/personaljerarquico.com.ar\/wp-content\/uploads\/2023\/08\/363415858_636562765204833_4835645507014458970_n-1.jpg",670,350,false],"ultp_layout_landscape_large":["https:\/\/personaljerarquico.com.ar\/wp-content\/uploads\/2023\/08\/363415858_636562765204833_4835645507014458970_n-1.jpg",670,350,false],"ultp_layout_landscape":["https:\/\/personaljerarquico.com.ar\/wp-content\/uploads\/2023\/08\/363415858_636562765204833_4835645507014458970_n-1.jpg",670,350,false],"ultp_layout_portrait":["https:\/\/personaljerarquico.com.ar\/wp-content\/uploads\/2023\/08\/363415858_636562765204833_4835645507014458970_n-1-600x350.jpg",600,350,true],"ultp_layout_square":["https:\/\/personaljerarquico.com.ar\/wp-content\/uploads\/2023\/08\/363415858_636562765204833_4835645507014458970_n-1-600x350.jpg",600,350,true],"magazine-7-slider-full":["https:\/\/personaljerarquico.com.ar\/wp-content\/uploads\/2023\/08\/363415858_636562765204833_4835645507014458970_n-1.jpg",670,350,false],"magazine-7-slider-center":["https:\/\/personaljerarquico.com.ar\/wp-content\/uploads\/2023\/08\/363415858_636562765204833_4835645507014458970_n-1.jpg",670,350,false],"magazine-7-featured":["https:\/\/personaljerarquico.com.ar\/wp-content\/uploads\/2023\/08\/363415858_636562765204833_4835645507014458970_n-1.jpg",670,350,false],"magazine-7-medium":["https:\/\/personaljerarquico.com.ar\/wp-content\/uploads\/2023\/08\/363415858_636562765204833_4835645507014458970_n-1.jpg",670,350,false],"magazine-7-medium-square":["https:\/\/personaljerarquico.com.ar\/wp-content\/uploads\/2023\/08\/363415858_636562765204833_4835645507014458970_n-1.jpg",670,350,false],"menu-24x24":["https:\/\/personaljerarquico.com.ar\/wp-content\/uploads\/2023\/08\/363415858_636562765204833_4835645507014458970_n-1-24x13.jpg",24,13,true],"menu-36x36":["https:\/\/personaljerarquico.com.ar\/wp-content\/uploads\/2023\/08\/363415858_636562765204833_4835645507014458970_n-1-36x19.jpg",36,19,true],"menu-48x48":["https:\/\/personaljerarquico.com.ar\/wp-content\/uploads\/2023\/08\/363415858_636562765204833_4835645507014458970_n-1-48x25.jpg",48,25,true]},"author_info":{"display_name":"Thomas","author_link":"https:\/\/personaljerarquico.com.ar\/index.php\/author\/thomylij\/"},"category_info":"<a href=\"https:\/\/personaljerarquico.com.ar\/index.php\/category\/laborsindical\/\" rel=\"category tag\">Labor sindical<\/a>","tag_info":"Labor sindical","comment_count":"0","_links":{"self":[{"href":"https:\/\/personaljerarquico.com.ar\/index.php\/wp-json\/wp\/v2\/posts\/1887"}],"collection":[{"href":"https:\/\/personaljerarquico.com.ar\/index.php\/wp-json\/wp\/v2\/posts"}],"about":[{"href":"https:\/\/personaljerarquico.com.ar\/index.php\/wp-json\/wp\/v2\/types\/post"}],"author":[{"embeddable":true,"href":"https:\/\/personaljerarquico.com.ar\/index.php\/wp-json\/wp\/v2\/users\/5"}],"replies":[{"embeddable":true,"href":"https:\/\/personaljerarquico.com.ar\/index.php\/wp-json\/wp\/v2\/comments?post=1887"}],"version-history":[{"count":1,"href":"https:\/\/personaljerarquico.com.ar\/index.php\/wp-json\/wp\/v2\/posts\/1887\/revisions"}],"predecessor-version":[{"id":1891,"href":"https:\/\/personaljerarquico.com.ar\/index.php\/wp-json\/wp\/v2\/posts\/1887\/revisions\/1891"}],"wp:featuredmedia":[{"embeddable":true,"href":"https:\/\/personaljerarquico.com.ar\/index.php\/wp-json\/wp\/v2\/media\/1889"}],"wp:attachment":[{"href":"https:\/\/personaljerarquico.com.ar\/index.php\/wp-json\/wp\/v2\/media?parent=1887"}],"wp:term":[{"taxonomy":"category","embeddable":true,"href":"https:\/\/personaljerarquico.com.ar\/index.php\/wp-json\/wp\/v2\/categories?post=1887"},{"taxonomy":"post_tag","embeddable":true,"href":"https:\/\/personaljerarquico.com.ar\/index.php\/wp-json\/wp\/v2\/tags?post=1887"}],"curies":[{"name":"wp","href":"https:\/\/api.w.org\/{rel}","templated":true}]}}