{"id":1729,"date":"2022-09-27T10:57:52","date_gmt":"2022-09-27T13:57:52","guid":{"rendered":"https:\/\/personaljerarquico.com.ar\/?p=1729"},"modified":"2022-09-27T10:57:53","modified_gmt":"2022-09-27T13:57:53","slug":"paro-total-de-actividades-en-el-sector-petrolero","status":"publish","type":"post","link":"https:\/\/personaljerarquico.com.ar\/index.php\/2022\/09\/27\/paro-total-de-actividades-en-el-sector-petrolero\/","title":{"rendered":"Paro Total De Actividades En El Sector Petrolero"},"content":{"rendered":"\n<p>Adherimos en\u00e9rgicamente al paro total de actividades en el sector petrolero en solidaridad con las personas fallecidas tras la explosi\u00f3n en la refiner\u00eda New American Oil (NAO). Desde nuestro gremio lamentamos el fallecimiento de estos trabajadores, y advertimos, a partir de este accidente, el potencial de que eso suceda si no se considera la inversi\u00f3n de las empresas en materia de seguridad.<\/p>\n\n\n\n<p>Recordamos que este jueves 22-09, a la madrugada, se produjo una explosi\u00f3n en la refiner\u00eda New American Oil (NAO), en Plaza Huincul, Neuqu\u00e9n. El fuego se inici\u00f3 en uno de los tanques de almacenamiento de petr\u00f3leo crudo de la refiner\u00eda y luego se expandi\u00f3 de forma descontrolada hacia parte del edificio, afectando a camiones y trabajadores que estaban dentro de la planta.<\/p>\n\n\n\n<p><\/p>\n\n\n<div class=\"wp-block-image\">\n<figure class=\"aligncenter size-full\"><img loading=\"lazy\" width=\"717\" height=\"713\" src=\"https:\/\/personaljerarquico.com.ar\/wp-content\/uploads\/2022\/09\/308945684_444088547785590_7837176310150182167_n.jpg\" alt=\"\" class=\"wp-image-1730\"\/><\/figure><\/div>\n\n\n<p>Ante el hecho, este Sindicato decide sumarse al paro total de actividades en apoyo a Marcelo Rucci, Secretario General del Sindicato de Petroleros Privados de R\u00edo Negro, Neuqu\u00e9n y La Pampa; y de todos los secretarios a nivel nacional.<\/p>\n\n\n\n<p>Nuestro Secretario General Juli\u00e1n Matamala, expres\u00f3 ante los medios de comunicaci\u00f3n: \u201cVamos a generar un paro general por tiempo indeterminado, porque vemos que es una falta de inversi\u00f3n de las empresas productoras. Por ahorrar plata falta supervisi\u00f3n. Entonces siempre es al costo de los trabajadores y no estamos dispuestos a permitir eso. Por eso, nos estamos uniendo todos los gremios\u201d.<\/p>\n\n\n\n<p>El verdadero trabajo representativo, tambi\u00e9n implica velar por la seguridad y \u00f3ptimas condiciones de trabajo para nuestra gente. El potencial de que eso suceda, tambi\u00e9n nos alcanza a nosotros y es por eso, que acompa\u00f1aremos en\u00e9rgicamente este reclamo.<\/p>\n","protected":false},"excerpt":{"rendered":"<p>Adherimos en\u00e9rgicamente al paro total de actividades en el sector petrolero en solidaridad con las<\/p>\n","protected":false},"author":5,"featured_media":1727,"comment_status":"open","ping_status":"open","sticky":false,"template":"","format":"standard","meta":{"_monsterinsights_skip_tracking":false,"_monsterinsights_sitenote_active":false,"_monsterinsights_sitenote_note":"","_monsterinsights_sitenote_category":0},"categories":[10],"tags":[],"featured_image_urls":{"full":["https:\/\/personaljerarquico.com.ar\/wp-content\/uploads\/2022\/09\/LOGO_VECTORIZADO_sindicato_jerarquico.png",1386,1379,false],"thumbnail":["https:\/\/personaljerarquico.com.ar\/wp-content\/uploads\/2022\/09\/LOGO_VECTORIZADO_sindicato_jerarquico-150x150.png",150,150,true],"medium":["https:\/\/personaljerarquico.com.ar\/wp-content\/uploads\/2022\/09\/LOGO_VECTORIZADO_sindicato_jerarquico-300x298.png",300,298,true],"medium_large":["https:\/\/personaljerarquico.com.ar\/wp-content\/uploads\/2022\/09\/LOGO_VECTORIZADO_sindicato_jerarquico-768x764.png",640,637,true],"large":["https:\/\/personaljerarquico.com.ar\/wp-content\/uploads\/2022\/09\/LOGO_VECTORIZADO_sindicato_jerarquico-1024x1019.png",640,637,true],"1536x1536":["https:\/\/personaljerarquico.com.ar\/wp-content\/uploads\/2022\/09\/LOGO_VECTORIZADO_sindicato_jerarquico.png",1386,1379,false],"2048x2048":["https:\/\/personaljerarquico.com.ar\/wp-content\/uploads\/2022\/09\/LOGO_VECTORIZADO_sindicato_jerarquico.png",1386,1379,false],"ultp_layout_landscape_large":["https:\/\/personaljerarquico.com.ar\/wp-content\/uploads\/2022\/09\/LOGO_VECTORIZADO_sindicato_jerarquico-1200x800.png",1200,800,true],"ultp_layout_landscape":["https:\/\/personaljerarquico.com.ar\/wp-content\/uploads\/2022\/09\/LOGO_VECTORIZADO_sindicato_jerarquico-870x570.png",870,570,true],"ultp_layout_portrait":["https:\/\/personaljerarquico.com.ar\/wp-content\/uploads\/2022\/09\/LOGO_VECTORIZADO_sindicato_jerarquico-600x900.png",600,900,true],"ultp_layout_square":["https:\/\/personaljerarquico.com.ar\/wp-content\/uploads\/2022\/09\/LOGO_VECTORIZADO_sindicato_jerarquico-600x600.png",600,600,true],"magazine-7-slider-full":["https:\/\/personaljerarquico.com.ar\/wp-content\/uploads\/2022\/09\/LOGO_VECTORIZADO_sindicato_jerarquico-1386x1020.png",1386,1020,true],"magazine-7-slider-center":["https:\/\/personaljerarquico.com.ar\/wp-content\/uploads\/2022\/09\/LOGO_VECTORIZADO_sindicato_jerarquico-936x897.png",936,897,true],"magazine-7-featured":["https:\/\/personaljerarquico.com.ar\/wp-content\/uploads\/2022\/09\/LOGO_VECTORIZADO_sindicato_jerarquico-1024x1019.png",1024,1019,true],"magazine-7-medium":["https:\/\/personaljerarquico.com.ar\/wp-content\/uploads\/2022\/09\/LOGO_VECTORIZADO_sindicato_jerarquico-720x380.png",720,380,true],"magazine-7-medium-square":["https:\/\/personaljerarquico.com.ar\/wp-content\/uploads\/2022\/09\/LOGO_VECTORIZADO_sindicato_jerarquico-675x450.png",675,450,true],"menu-24x24":["https:\/\/personaljerarquico.com.ar\/wp-content\/uploads\/2022\/09\/LOGO_VECTORIZADO_sindicato_jerarquico-24x24.png",24,24,true],"menu-36x36":["https:\/\/personaljerarquico.com.ar\/wp-content\/uploads\/2022\/09\/LOGO_VECTORIZADO_sindicato_jerarquico-36x36.png",36,36,true],"menu-48x48":["https:\/\/personaljerarquico.com.ar\/wp-content\/uploads\/2022\/09\/LOGO_VECTORIZADO_sindicato_jerarquico-48x48.png",48,48,true]},"author_info":{"display_name":"Thomas","author_link":"https:\/\/personaljerarquico.com.ar\/index.php\/author\/thomylij\/"},"category_info":"<a href=\"https:\/\/personaljerarquico.com.ar\/index.php\/category\/laborsindical\/\" rel=\"category tag\">Labor sindical<\/a>","tag_info":"Labor sindical","comment_count":"0","_links":{"self":[{"href":"https:\/\/personaljerarquico.com.ar\/index.php\/wp-json\/wp\/v2\/posts\/1729"}],"collection":[{"href":"https:\/\/personaljerarquico.com.ar\/index.php\/wp-json\/wp\/v2\/posts"}],"about":[{"href":"https:\/\/personaljerarquico.com.ar\/index.php\/wp-json\/wp\/v2\/types\/post"}],"author":[{"embeddable":true,"href":"https:\/\/personaljerarquico.com.ar\/index.php\/wp-json\/wp\/v2\/users\/5"}],"replies":[{"embeddable":true,"href":"https:\/\/personaljerarquico.com.ar\/index.php\/wp-json\/wp\/v2\/comments?post=1729"}],"version-history":[{"count":1,"href":"https:\/\/personaljerarquico.com.ar\/index.php\/wp-json\/wp\/v2\/posts\/1729\/revisions"}],"predecessor-version":[{"id":1731,"href":"https:\/\/personaljerarquico.com.ar\/index.php\/wp-json\/wp\/v2\/posts\/1729\/revisions\/1731"}],"wp:featuredmedia":[{"embeddable":true,"href":"https:\/\/personaljerarquico.com.ar\/index.php\/wp-json\/wp\/v2\/media\/1727"}],"wp:attachment":[{"href":"https:\/\/personaljerarquico.com.ar\/index.php\/wp-json\/wp\/v2\/media?parent=1729"}],"wp:term":[{"taxonomy":"category","embeddable":true,"href":"https:\/\/personaljerarquico.com.ar\/index.php\/wp-json\/wp\/v2\/categories?post=1729"},{"taxonomy":"post_tag","embeddable":true,"href":"https:\/\/personaljerarquico.com.ar\/index.php\/wp-json\/wp\/v2\/tags?post=1729"}],"curies":[{"name":"wp","href":"https:\/\/api.w.org\/{rel}","templated":true}]}}