{"id":1720,"date":"2022-09-14T15:50:00","date_gmt":"2022-09-14T18:50:00","guid":{"rendered":"https:\/\/personaljerarquico.com.ar\/?p=1720"},"modified":"2022-09-14T15:50:01","modified_gmt":"2022-09-14T18:50:01","slug":"visita-de-alumnos-al-equipo-quintana-18","status":"publish","type":"post","link":"https:\/\/personaljerarquico.com.ar\/index.php\/2022\/09\/14\/visita-de-alumnos-al-equipo-quintana-18\/","title":{"rendered":"Visita de Alumnos al Equipo QUINTANA 18"},"content":{"rendered":"\n<p>El d\u00eda 14 de septiembre, nuestro Sindicato coordin\u00f3 la visita de alumnos de la Universidad Tecnol\u00f3gica Nacional Regional San Rafael, al equipo QUINTANA 18, ubicado en el Yacimiento Llancanelo, que se encontraba en tareas DTM.\u00a0<\/p>\n\n\n\n<p><\/p>\n\n\n<div class=\"wp-block-image\">\n<figure class=\"aligncenter size-large\"><img loading=\"lazy\" width=\"768\" height=\"1024\" src=\"https:\/\/personaljerarquico.com.ar\/wp-content\/uploads\/2022\/09\/unnamed-768x1024.jpg\" alt=\"\" class=\"wp-image-1721\"\/><\/figure><\/div>\n\n\n<p>Esta visita fu\u00e9 dirigida por el Company Man y el Jefe de Equipo, explicando el trabajo de todo el personal afectado al mismo y respondiendo preguntas de los asistentes, as\u00ed los alumnos de la carrera Ingenier\u00eda Industrial e Ingenier\u00eda Electromec\u00e1nica de la &#8220;UTN San Rafael&#8221; vivieron de cerca detalles de nuestra industria.<\/p>\n\n\n\n<p>Al finalizar la visita, nuestro gremio los invit\u00f3 a un almuerzo para charlar de la experiencia y agasajar a los alumnos, finalizando la tarde con un agradecimiento a nuestro Secretario General Juli\u00e1n Matamala, Secretario Adjunto Fabi\u00e1n P\u00e9rez, 1er Vocal Suplente Jos\u00e9 Gonzalez que junto con su gente, coordinaron el transporte y los permisos correspondientes para poder realizar la visita al equipo.<\/p>\n\n\n\n<p><\/p>\n\n\n<div class=\"wp-block-image\">\n<figure class=\"aligncenter size-large\"><img loading=\"lazy\" width=\"461\" height=\"1024\" src=\"https:\/\/personaljerarquico.com.ar\/wp-content\/uploads\/2022\/09\/unnamed-2-461x1024.jpg\" alt=\"\" class=\"wp-image-1722\"\/><\/figure><\/div>\n\n\n<p>No es la primera vez que nuestro sindicato colabora en la formaci\u00f3n de estudiantes que aprecien y &#8220;palpiten&#8221; el esfuerzo de nuestros trabajadores representados, promoviendo la calidad de aprendizaje de alumnos en carreras afines. Esta vez, nuestra participaci\u00f3n social &#8220;tambi\u00e9n colabora&#8221; en mejorar la calidad educativa de futuros los profesionales.<\/p>\n","protected":false},"excerpt":{"rendered":"<p>El d\u00eda 14 de septiembre, nuestro Sindicato coordin\u00f3 la visita de alumnos de la Universidad<\/p>\n","protected":false},"author":5,"featured_media":1721,"comment_status":"open","ping_status":"open","sticky":false,"template":"","format":"standard","meta":{"_monsterinsights_skip_tracking":false,"_monsterinsights_sitenote_active":false,"_monsterinsights_sitenote_note":"","_monsterinsights_sitenote_category":0},"categories":[10],"tags":[],"featured_image_urls":{"full":["https:\/\/personaljerarquico.com.ar\/wp-content\/uploads\/2022\/09\/unnamed.jpg",1200,1600,false],"thumbnail":["https:\/\/personaljerarquico.com.ar\/wp-content\/uploads\/2022\/09\/unnamed-150x150.jpg",150,150,true],"medium":["https:\/\/personaljerarquico.com.ar\/wp-content\/uploads\/2022\/09\/unnamed-225x300.jpg",225,300,true],"medium_large":["https:\/\/personaljerarquico.com.ar\/wp-content\/uploads\/2022\/09\/unnamed-768x1024.jpg",640,853,true],"large":["https:\/\/personaljerarquico.com.ar\/wp-content\/uploads\/2022\/09\/unnamed-768x1024.jpg",640,853,true],"1536x1536":["https:\/\/personaljerarquico.com.ar\/wp-content\/uploads\/2022\/09\/unnamed-1152x1536.jpg",1152,1536,true],"2048x2048":["https:\/\/personaljerarquico.com.ar\/wp-content\/uploads\/2022\/09\/unnamed.jpg",1200,1600,false],"ultp_layout_landscape_large":["https:\/\/personaljerarquico.com.ar\/wp-content\/uploads\/2022\/09\/unnamed-1200x800.jpg",1200,800,true],"ultp_layout_landscape":["https:\/\/personaljerarquico.com.ar\/wp-content\/uploads\/2022\/09\/unnamed-870x570.jpg",870,570,true],"ultp_layout_portrait":["https:\/\/personaljerarquico.com.ar\/wp-content\/uploads\/2022\/09\/unnamed-600x900.jpg",600,900,true],"ultp_layout_square":["https:\/\/personaljerarquico.com.ar\/wp-content\/uploads\/2022\/09\/unnamed-600x600.jpg",600,600,true],"magazine-7-slider-full":["https:\/\/personaljerarquico.com.ar\/wp-content\/uploads\/2022\/09\/unnamed-1200x1020.jpg",1200,1020,true],"magazine-7-slider-center":["https:\/\/personaljerarquico.com.ar\/wp-content\/uploads\/2022\/09\/unnamed-936x897.jpg",936,897,true],"magazine-7-featured":["https:\/\/personaljerarquico.com.ar\/wp-content\/uploads\/2022\/09\/unnamed-1024x1365.jpg",1024,1365,true],"magazine-7-medium":["https:\/\/personaljerarquico.com.ar\/wp-content\/uploads\/2022\/09\/unnamed-720x380.jpg",720,380,true],"magazine-7-medium-square":["https:\/\/personaljerarquico.com.ar\/wp-content\/uploads\/2022\/09\/unnamed-675x450.jpg",675,450,true],"menu-24x24":["https:\/\/personaljerarquico.com.ar\/wp-content\/uploads\/2022\/09\/unnamed-18x24.jpg",18,24,true],"menu-36x36":["https:\/\/personaljerarquico.com.ar\/wp-content\/uploads\/2022\/09\/unnamed-27x36.jpg",27,36,true],"menu-48x48":["https:\/\/personaljerarquico.com.ar\/wp-content\/uploads\/2022\/09\/unnamed-36x48.jpg",36,48,true]},"author_info":{"display_name":"Thomas","author_link":"https:\/\/personaljerarquico.com.ar\/index.php\/author\/thomylij\/"},"category_info":"<a href=\"https:\/\/personaljerarquico.com.ar\/index.php\/category\/laborsindical\/\" rel=\"category tag\">Labor sindical<\/a>","tag_info":"Labor sindical","comment_count":"0","_links":{"self":[{"href":"https:\/\/personaljerarquico.com.ar\/index.php\/wp-json\/wp\/v2\/posts\/1720"}],"collection":[{"href":"https:\/\/personaljerarquico.com.ar\/index.php\/wp-json\/wp\/v2\/posts"}],"about":[{"href":"https:\/\/personaljerarquico.com.ar\/index.php\/wp-json\/wp\/v2\/types\/post"}],"author":[{"embeddable":true,"href":"https:\/\/personaljerarquico.com.ar\/index.php\/wp-json\/wp\/v2\/users\/5"}],"replies":[{"embeddable":true,"href":"https:\/\/personaljerarquico.com.ar\/index.php\/wp-json\/wp\/v2\/comments?post=1720"}],"version-history":[{"count":1,"href":"https:\/\/personaljerarquico.com.ar\/index.php\/wp-json\/wp\/v2\/posts\/1720\/revisions"}],"predecessor-version":[{"id":1723,"href":"https:\/\/personaljerarquico.com.ar\/index.php\/wp-json\/wp\/v2\/posts\/1720\/revisions\/1723"}],"wp:featuredmedia":[{"embeddable":true,"href":"https:\/\/personaljerarquico.com.ar\/index.php\/wp-json\/wp\/v2\/media\/1721"}],"wp:attachment":[{"href":"https:\/\/personaljerarquico.com.ar\/index.php\/wp-json\/wp\/v2\/media?parent=1720"}],"wp:term":[{"taxonomy":"category","embeddable":true,"href":"https:\/\/personaljerarquico.com.ar\/index.php\/wp-json\/wp\/v2\/categories?post=1720"},{"taxonomy":"post_tag","embeddable":true,"href":"https:\/\/personaljerarquico.com.ar\/index.php\/wp-json\/wp\/v2\/tags?post=1720"}],"curies":[{"name":"wp","href":"https:\/\/api.w.org\/{rel}","templated":true}]}}