{"id":1713,"date":"2022-08-29T14:03:03","date_gmt":"2022-08-29T17:03:03","guid":{"rendered":"https:\/\/personaljerarquico.com.ar\/?p=1713"},"modified":"2022-09-27T11:06:40","modified_gmt":"2022-09-27T14:06:40","slug":"1713","status":"publish","type":"post","link":"https:\/\/personaljerarquico.com.ar\/index.php\/2022\/08\/29\/1713\/","title":{"rendered":"Festejo Del D\u00eda del Ni\u00f1o"},"content":{"rendered":"\n<p>Afiliados y Asociados, compartimos con ustedes el festejo del D\u00eda de la Ni\u00f1ez que nuestro Sindicato y Mutual organizaron en la sede MALARG\u00dcE. Esta organizaci\u00f3n con un objetivo solidario para ni\u00f1os de Merenderos y Comedores de la zona.<\/p>\n\n\n\n<p>Compartieron con nosotros, ni\u00f1os de las siguientes instituciones:<\/p>\n\n\n\n<ul><li>Escuela el Chacay<\/li><li>Club Ferrosol<\/li><li>Escuela Gimnasia Art\u00edstica<\/li><li>Instituto discapacidad colores<\/li><li>Los chicos del barrio Carbometal<\/li><\/ul>\n\n\n\n<p><\/p>\n\n\n<div class=\"wp-block-image\">\n<figure class=\"aligncenter size-full\"><img loading=\"lazy\" width=\"640\" height=\"288\" src=\"https:\/\/personaljerarquico.com.ar\/wp-content\/uploads\/2022\/08\/foto001.jpg\" alt=\"\" class=\"wp-image-1716\"\/><\/figure><\/div>\n\n<div class=\"wp-block-image\">\n<figure class=\"aligncenter size-full\"><img loading=\"lazy\" width=\"640\" height=\"288\" src=\"https:\/\/personaljerarquico.com.ar\/wp-content\/uploads\/2022\/08\/foto003.jpg\" alt=\"\" class=\"wp-image-1717\"\/><\/figure><\/div>\n\n\n<p>Festejamos entre las 14 y 18 horas del s\u00e1bado 27 de Agosto, arrancaremos la tarde con la exhibici\u00f3n de la \u201cEscuela de Gimnasia Art\u00edstica\u201d, Zumba Kids en el sal\u00f3n de eventos, una clase de arte en el quincho de njuestro predio, adem\u00e1s de clases gratuitas en la cancha de Padel y actividades recreativas varias en la \u201cCancha de F\u00fatbol\u201d. Cerrando nuestro hermoso d\u00eda con \u201cLa Obra de Teatro MAGICAMENTE\u201d.<\/p>\n\n\n\n<p>Luego se hizo el sorteo de dos bicicletas para ni\u00f1os y la entrega de juguetes que nuestro Sindicato y Mutual donaron a TODOS los ni\u00f1os presentes.<\/p>\n\n\n\n<p>Agradecemos la organizaci\u00f3n y esfuerzo de la Comisi\u00f3n Directiva delSindicato y Mutual:<\/p>\n\n\n\n<ul><li>Secretario General Sindicato y Presidente de la Mutual, el Sr. Juli\u00e1n Matamala<\/li><li>Secretario Adjunto Sindicato y Segundo Vocal Suplente de la Mutual Fabi\u00e1n N\u00e9stor P\u00e9rez<\/li><li>1er Vocal Titular del Sindicato y Secretario de la Mutual EMANUEL MATAMALA<\/li><li>Primer Vocal Titular Mutual Rodrigo Matamala<\/li><li>1er Vocal Suplente del Sindicato el Sr. JOS\u00c9 OSVALDO GONZALEZ<\/li><li>La activa colaboraci\u00f3n en los preparativos, al Sr. Miguel Serrano, Luis Alfaro, Tatiana P\u00e9rez, al Coordinador Deportivo CLUB AMUPPETROL MAIP\u00da Charly Hern\u00e1ndez.<\/li><\/ul>\n\n\n\n<p><\/p>\n\n\n<div class=\"wp-block-image\">\n<figure class=\"aligncenter size-full\"><img loading=\"lazy\" width=\"640\" height=\"288\" src=\"https:\/\/personaljerarquico.com.ar\/wp-content\/uploads\/2022\/08\/foto005.jpg\" alt=\"\" class=\"wp-image-1718\"\/><\/figure><\/div>\n\n\n<p><\/p>\n\n\n\n<p>Recordamos tambi\u00e9n, que todos los alimentos NO PERECEDEROS recaudados en el Festejo del D\u00eda de la Ni\u00f1ez que se realizo en el Club House Amuppetrol Maipu el pasado s\u00e1bado 20 de Agosto de 2022, fueron entregados al Merendero y Comedor &#8220;Brazos Abiertos Pimp\u00f3n&#8221; de Las Heras.<\/p>\n\n\n<div class=\"wp-block-image\">\n<figure class=\"aligncenter size-full\"><img loading=\"lazy\" width=\"768\" height=\"1024\" src=\"https:\/\/personaljerarquico.com.ar\/wp-content\/uploads\/2022\/08\/pimpon001.jpeg\" alt=\"\" class=\"wp-image-1714\"\/><\/figure><\/div>\n\n\n<p><\/p>\n\n\n<div class=\"wp-block-image\">\n<figure class=\"aligncenter size-full\"><img loading=\"lazy\" width=\"512\" height=\"683\" src=\"https:\/\/personaljerarquico.com.ar\/wp-content\/uploads\/2022\/08\/tamano_mejor.jpg\" alt=\"\" class=\"wp-image-1715\"\/><\/figure><\/div>","protected":false},"excerpt":{"rendered":"<p>Afiliados y Asociados, compartimos con ustedes el festejo del D\u00eda de la Ni\u00f1ez que nuestro<\/p>\n","protected":false},"author":5,"featured_media":1716,"comment_status":"open","ping_status":"open","sticky":false,"template":"","format":"standard","meta":{"_monsterinsights_skip_tracking":false,"_monsterinsights_sitenote_active":false,"_monsterinsights_sitenote_note":"","_monsterinsights_sitenote_category":0},"categories":[10],"tags":[],"featured_image_urls":{"full":["https:\/\/personaljerarquico.com.ar\/wp-content\/uploads\/2022\/08\/foto001.jpg",640,288,false],"thumbnail":["https:\/\/personaljerarquico.com.ar\/wp-content\/uploads\/2022\/08\/foto001-150x150.jpg",150,150,true],"medium":["https:\/\/personaljerarquico.com.ar\/wp-content\/uploads\/2022\/08\/foto001-300x135.jpg",300,135,true],"medium_large":["https:\/\/personaljerarquico.com.ar\/wp-content\/uploads\/2022\/08\/foto001.jpg",640,288,false],"large":["https:\/\/personaljerarquico.com.ar\/wp-content\/uploads\/2022\/08\/foto001.jpg",640,288,false],"1536x1536":["https:\/\/personaljerarquico.com.ar\/wp-content\/uploads\/2022\/08\/foto001.jpg",640,288,false],"2048x2048":["https:\/\/personaljerarquico.com.ar\/wp-content\/uploads\/2022\/08\/foto001.jpg",640,288,false],"ultp_layout_landscape_large":["https:\/\/personaljerarquico.com.ar\/wp-content\/uploads\/2022\/08\/foto001.jpg",640,288,false],"ultp_layout_landscape":["https:\/\/personaljerarquico.com.ar\/wp-content\/uploads\/2022\/08\/foto001.jpg",640,288,false],"ultp_layout_portrait":["https:\/\/personaljerarquico.com.ar\/wp-content\/uploads\/2022\/08\/foto001-600x288.jpg",600,288,true],"ultp_layout_square":["https:\/\/personaljerarquico.com.ar\/wp-content\/uploads\/2022\/08\/foto001-600x288.jpg",600,288,true],"magazine-7-slider-full":["https:\/\/personaljerarquico.com.ar\/wp-content\/uploads\/2022\/08\/foto001.jpg",640,288,false],"magazine-7-slider-center":["https:\/\/personaljerarquico.com.ar\/wp-content\/uploads\/2022\/08\/foto001.jpg",640,288,false],"magazine-7-featured":["https:\/\/personaljerarquico.com.ar\/wp-content\/uploads\/2022\/08\/foto001.jpg",640,288,false],"magazine-7-medium":["https:\/\/personaljerarquico.com.ar\/wp-content\/uploads\/2022\/08\/foto001.jpg",640,288,false],"magazine-7-medium-square":["https:\/\/personaljerarquico.com.ar\/wp-content\/uploads\/2022\/08\/foto001.jpg",640,288,false],"menu-24x24":["https:\/\/personaljerarquico.com.ar\/wp-content\/uploads\/2022\/08\/foto001-24x11.jpg",24,11,true],"menu-36x36":["https:\/\/personaljerarquico.com.ar\/wp-content\/uploads\/2022\/08\/foto001-36x16.jpg",36,16,true],"menu-48x48":["https:\/\/personaljerarquico.com.ar\/wp-content\/uploads\/2022\/08\/foto001-48x22.jpg",48,22,true]},"author_info":{"display_name":"Thomas","author_link":"https:\/\/personaljerarquico.com.ar\/index.php\/author\/thomylij\/"},"category_info":"<a href=\"https:\/\/personaljerarquico.com.ar\/index.php\/category\/laborsindical\/\" rel=\"category tag\">Labor sindical<\/a>","tag_info":"Labor sindical","comment_count":"0","_links":{"self":[{"href":"https:\/\/personaljerarquico.com.ar\/index.php\/wp-json\/wp\/v2\/posts\/1713"}],"collection":[{"href":"https:\/\/personaljerarquico.com.ar\/index.php\/wp-json\/wp\/v2\/posts"}],"about":[{"href":"https:\/\/personaljerarquico.com.ar\/index.php\/wp-json\/wp\/v2\/types\/post"}],"author":[{"embeddable":true,"href":"https:\/\/personaljerarquico.com.ar\/index.php\/wp-json\/wp\/v2\/users\/5"}],"replies":[{"embeddable":true,"href":"https:\/\/personaljerarquico.com.ar\/index.php\/wp-json\/wp\/v2\/comments?post=1713"}],"version-history":[{"count":2,"href":"https:\/\/personaljerarquico.com.ar\/index.php\/wp-json\/wp\/v2\/posts\/1713\/revisions"}],"predecessor-version":[{"id":1733,"href":"https:\/\/personaljerarquico.com.ar\/index.php\/wp-json\/wp\/v2\/posts\/1713\/revisions\/1733"}],"wp:featuredmedia":[{"embeddable":true,"href":"https:\/\/personaljerarquico.com.ar\/index.php\/wp-json\/wp\/v2\/media\/1716"}],"wp:attachment":[{"href":"https:\/\/personaljerarquico.com.ar\/index.php\/wp-json\/wp\/v2\/media?parent=1713"}],"wp:term":[{"taxonomy":"category","embeddable":true,"href":"https:\/\/personaljerarquico.com.ar\/index.php\/wp-json\/wp\/v2\/categories?post=1713"},{"taxonomy":"post_tag","embeddable":true,"href":"https:\/\/personaljerarquico.com.ar\/index.php\/wp-json\/wp\/v2\/tags?post=1713"}],"curies":[{"name":"wp","href":"https:\/\/api.w.org\/{rel}","templated":true}]}}