{"id":1705,"date":"2022-07-21T12:06:00","date_gmt":"2022-07-21T15:06:00","guid":{"rendered":"https:\/\/personaljerarquico.com.ar\/?p=1705"},"modified":"2022-07-21T12:06:01","modified_gmt":"2022-07-21T15:06:01","slug":"actualizacion-salarial","status":"publish","type":"post","link":"https:\/\/personaljerarquico.com.ar\/index.php\/2022\/07\/21\/actualizacion-salarial\/","title":{"rendered":"Actualizaci\u00f3n Salarial"},"content":{"rendered":"\n<p>Comunicamos a todos nuestros afiliados, que tras largas horas de negociaci\u00f3n nuestro Secretario General Juli\u00e1n Matamala y el 1er Vocal Titular Emmanuel Matamala expusieron la necesidad de actualizar el salario de nuestros representados, frete a la situaci\u00f3n econ\u00f3mica cr\u00edtica que cae fuertemente y se hace sentir en \u00e1mbito de los trabajadores.<\/p>\n\n\n\n<p><\/p>\n\n\n<div class=\"wp-block-image\">\n<figure class=\"aligncenter size-large\"><img loading=\"lazy\" width=\"1024\" height=\"768\" src=\"https:\/\/personaljerarquico.com.ar\/wp-content\/uploads\/2022\/07\/Julian_BsAs2-1024x768.jpg\" alt=\"\" class=\"wp-image-1706\"\/><figcaption>\u00a0<br>De izquierda a derecha: Edgar Villalba (Sindicato Petroleros Jer\u00e1rquicos Salta, Jujuy y Formosa), Jorge &#8220;Loma&#8221; \u00c1vila (Secretario General del Sindicato de Petroleros Privados Chubut), Jos\u00e9 Llugdar (Secretario general del Sindicato del Personal Jer\u00e1rquicos y Profesional del Petr\u00f3leo y Gas Privado de la Patagonia Austral), Marcelo Rucci (Secretario General del Sindicato del Petr\u00f3leo y Gas Privado de R\u00edo Negro, Neuqu\u00e9n y La Pampa), Claudio Vidal (Secretario general del Sindicato de Petr\u00f3leo y Gas Privado de la Provincia de Santa Cruz), Manuel Ar\u00e9valo (Secretario General del Sindicato del Personal Jer\u00e1rquicos y Profesional del Petr\u00f3leo y Gas Privado de Neuqu\u00e9n, R\u00edo Negro y La Pampa.), Juli\u00e1n Matamala (Sindicato del Personal Jer\u00e1rquico y Profesional del Petr\u00f3leo y Gas Privado de Cuyo y La Rioja).<\/figcaption><\/figure><\/div>\n\n\n<p><\/p>\n\n\n\n<p>El d\u00eda de la fecha se firm\u00f3 el acuerdo paritario de incrementar todos \u00edtems convencionales remunerativo y no remunerativo en un 58% a pagar en forma extraordinaria no remunerativa de la siguiente manera:<\/p>\n\n\n\n<p>Segundo trimestre: Julio- agosto-setiembre 2022. Incremento del 21%, con los haberes de agosto de 2022 el 10%, con los haberes de setiembre de 2022 el 11%, base de c\u00e1lculo abril 2022 pasando a ser reenv\u00edo el mes de octubre 2022.<\/p>\n\n\n\n<p>Tercer trimestre: octubre-noviembre-diciembre: incremento del 18,5%, con los haberes de noviembre 2022 con base de c\u00e1lculo abril 2022. Pasando a ser remunerativo en el mes enero 2023.<\/p>\n\n\n\n<p>Cuarto trimestre: enero-febrero-marzo 2023, el incremento del 18,5%.&nbsp; Con los haberes de febrero 2023 el 8,5% y con los haberes de marzo 2023 el 10%, con base de c\u00e1lculo abril 2022.<\/p>\n\n\n\n<p>Adem\u00e1s se estableci\u00f3 que habr\u00e1 revisi\u00f3n cada 90 d\u00edas, en octubre, enero y abril seg\u00fan lo indique el IPC.<\/p>\n\n\n\n<p>Sostenemos nuestra postura que en otras ocasiones hemos mencionados con estas mismas palabras, Nuestro Sindicato como instituci\u00f3n representativa equilibra el resguardo de la fuente de trabajo, del ingreso de nuestras familias y evitamos el deterioro de nuestros salarios como trabajadores, la labor gremial es un verdadero trabajo en equipo entre comisi\u00f3n directiva y representados.<\/p>\n\n\n\n<p>Sigamos juntos el camino emprendido y sin bajar los brazos.<\/p>\n\n\n\n<p>\u00a1LES MANDO UN FUERTE ABRAZO!<\/p>\n\n\n\n<p><\/p>\n\n\n\n<p class=\"has-text-align-center\">Juli\u00e1n Matamala<\/p>\n\n\n\n<p class=\"has-text-align-center\">Secretario General<\/p>\n\n\n\n<p class=\"has-text-align-center\">Comisi\u00f3n Directiva.<\/p>\n\n\n\n<p class=\"has-text-align-center\"><\/p>\n","protected":false},"excerpt":{"rendered":"<p>Comunicamos a todos nuestros afiliados, que tras largas horas de negociaci\u00f3n nuestro Secretario General Juli\u00e1n<\/p>\n","protected":false},"author":5,"featured_media":1706,"comment_status":"open","ping_status":"open","sticky":false,"template":"","format":"standard","meta":{"_monsterinsights_skip_tracking":false,"_monsterinsights_sitenote_active":false,"_monsterinsights_sitenote_note":"","_monsterinsights_sitenote_category":0},"categories":[10],"tags":[],"featured_image_urls":{"full":["https:\/\/personaljerarquico.com.ar\/wp-content\/uploads\/2022\/07\/Julian_BsAs2.jpg",1600,1200,false],"thumbnail":["https:\/\/personaljerarquico.com.ar\/wp-content\/uploads\/2022\/07\/Julian_BsAs2-150x150.jpg",150,150,true],"medium":["https:\/\/personaljerarquico.com.ar\/wp-content\/uploads\/2022\/07\/Julian_BsAs2-300x225.jpg",300,225,true],"medium_large":["https:\/\/personaljerarquico.com.ar\/wp-content\/uploads\/2022\/07\/Julian_BsAs2-768x576.jpg",640,480,true],"large":["https:\/\/personaljerarquico.com.ar\/wp-content\/uploads\/2022\/07\/Julian_BsAs2-1024x768.jpg",640,480,true],"1536x1536":["https:\/\/personaljerarquico.com.ar\/wp-content\/uploads\/2022\/07\/Julian_BsAs2-1536x1152.jpg",1536,1152,true],"2048x2048":["https:\/\/personaljerarquico.com.ar\/wp-content\/uploads\/2022\/07\/Julian_BsAs2.jpg",1600,1200,false],"ultp_layout_landscape_large":["https:\/\/personaljerarquico.com.ar\/wp-content\/uploads\/2022\/07\/Julian_BsAs2-1200x800.jpg",1200,800,true],"ultp_layout_landscape":["https:\/\/personaljerarquico.com.ar\/wp-content\/uploads\/2022\/07\/Julian_BsAs2-870x570.jpg",870,570,true],"ultp_layout_portrait":["https:\/\/personaljerarquico.com.ar\/wp-content\/uploads\/2022\/07\/Julian_BsAs2-600x900.jpg",600,900,true],"ultp_layout_square":["https:\/\/personaljerarquico.com.ar\/wp-content\/uploads\/2022\/07\/Julian_BsAs2-600x600.jpg",600,600,true],"magazine-7-slider-full":["https:\/\/personaljerarquico.com.ar\/wp-content\/uploads\/2022\/07\/Julian_BsAs2-1536x1020.jpg",1536,1020,true],"magazine-7-slider-center":["https:\/\/personaljerarquico.com.ar\/wp-content\/uploads\/2022\/07\/Julian_BsAs2-936x897.jpg",936,897,true],"magazine-7-featured":["https:\/\/personaljerarquico.com.ar\/wp-content\/uploads\/2022\/07\/Julian_BsAs2-1024x768.jpg",1024,768,true],"magazine-7-medium":["https:\/\/personaljerarquico.com.ar\/wp-content\/uploads\/2022\/07\/Julian_BsAs2-720x380.jpg",720,380,true],"magazine-7-medium-square":["https:\/\/personaljerarquico.com.ar\/wp-content\/uploads\/2022\/07\/Julian_BsAs2-675x450.jpg",675,450,true],"menu-24x24":["https:\/\/personaljerarquico.com.ar\/wp-content\/uploads\/2022\/07\/Julian_BsAs2-24x18.jpg",24,18,true],"menu-36x36":["https:\/\/personaljerarquico.com.ar\/wp-content\/uploads\/2022\/07\/Julian_BsAs2-36x27.jpg",36,27,true],"menu-48x48":["https:\/\/personaljerarquico.com.ar\/wp-content\/uploads\/2022\/07\/Julian_BsAs2-48x36.jpg",48,36,true]},"author_info":{"display_name":"Thomas","author_link":"https:\/\/personaljerarquico.com.ar\/index.php\/author\/thomylij\/"},"category_info":"<a href=\"https:\/\/personaljerarquico.com.ar\/index.php\/category\/laborsindical\/\" rel=\"category tag\">Labor sindical<\/a>","tag_info":"Labor sindical","comment_count":"0","_links":{"self":[{"href":"https:\/\/personaljerarquico.com.ar\/index.php\/wp-json\/wp\/v2\/posts\/1705"}],"collection":[{"href":"https:\/\/personaljerarquico.com.ar\/index.php\/wp-json\/wp\/v2\/posts"}],"about":[{"href":"https:\/\/personaljerarquico.com.ar\/index.php\/wp-json\/wp\/v2\/types\/post"}],"author":[{"embeddable":true,"href":"https:\/\/personaljerarquico.com.ar\/index.php\/wp-json\/wp\/v2\/users\/5"}],"replies":[{"embeddable":true,"href":"https:\/\/personaljerarquico.com.ar\/index.php\/wp-json\/wp\/v2\/comments?post=1705"}],"version-history":[{"count":1,"href":"https:\/\/personaljerarquico.com.ar\/index.php\/wp-json\/wp\/v2\/posts\/1705\/revisions"}],"predecessor-version":[{"id":1707,"href":"https:\/\/personaljerarquico.com.ar\/index.php\/wp-json\/wp\/v2\/posts\/1705\/revisions\/1707"}],"wp:featuredmedia":[{"embeddable":true,"href":"https:\/\/personaljerarquico.com.ar\/index.php\/wp-json\/wp\/v2\/media\/1706"}],"wp:attachment":[{"href":"https:\/\/personaljerarquico.com.ar\/index.php\/wp-json\/wp\/v2\/media?parent=1705"}],"wp:term":[{"taxonomy":"category","embeddable":true,"href":"https:\/\/personaljerarquico.com.ar\/index.php\/wp-json\/wp\/v2\/categories?post=1705"},{"taxonomy":"post_tag","embeddable":true,"href":"https:\/\/personaljerarquico.com.ar\/index.php\/wp-json\/wp\/v2\/tags?post=1705"}],"curies":[{"name":"wp","href":"https:\/\/api.w.org\/{rel}","templated":true}]}}