{"id":1597,"date":"2022-03-14T12:07:44","date_gmt":"2022-03-14T15:07:44","guid":{"rendered":"https:\/\/personaljerarquico.com.ar\/?p=1597"},"modified":"2022-03-14T12:07:47","modified_gmt":"2022-03-14T15:07:47","slug":"lograremos-la-reactivacion-de-la-industria","status":"publish","type":"post","link":"https:\/\/personaljerarquico.com.ar\/index.php\/2022\/03\/14\/lograremos-la-reactivacion-de-la-industria\/","title":{"rendered":"Lograremos La Reactivaci\u00f3n De La Industria"},"content":{"rendered":"\n<p>En el d\u00eda de hoy miembros de la Comisi\u00f3n Directiva de nuestro Sindicato representado por el Secretario General Juli\u00e1n Matamala, Fabi\u00e1n Moyano, Emanuel Matamala y Cristian Lucero, mantuvieron una reuni\u00f3n con el Gobernador de la Provincia de Mendoza.<\/p>\n\n\n\n<p>Se demostr\u00f3 la realidad de la actividad petrolera y la problem\u00e1tica de la desinversi\u00f3n por parte de las operadoras y es un verdadero logro recibir el compromiso del Gobierno Provincial, expresado por el Gobernador Rodolfo Suarez, de sumarse a la lucha que nuestra entidad gremial sostiene en forma permanente, comprometi\u00e9ndose a una reuni\u00f3n en conjunto entre miembros de la Comisi\u00f3n Directiva y el Ministro de Econom\u00eda y Energ\u00eda Lic. Enrique Vaqui\u00e9, con el objetivo de conformar equipos de trabajos t\u00e9cnicos para exigir el correcto cumplimiento a las operadoras, asegurando calidad y seguridad en el \u00e1mbito laboral de nuestros representados y asegurar tambi\u00e9n la proyecci\u00f3n de los nuevos planes de inversi\u00f3n.<\/p>\n\n\n\n<p><\/p>\n\n\n\n<div class=\"wp-block-image\"><figure class=\"aligncenter size-large\"><img loading=\"lazy\" width=\"426\" height=\"323\" src=\"https:\/\/personaljerarquico.com.ar\/wp-content\/uploads\/2022\/03\/gobernador2_1.jpg\" alt=\"\" class=\"wp-image-1598\"\/><\/figure><\/div>\n\n\n\n<p><\/p>\n\n\n\n<p>Unificar objetivos con referentes a nivel provincial, es parte del trabajo representativo de nuestro gremio, que no BAJA LOS BRAZOS en la b\u00fasqueda de alternativas que den soluci\u00f3n definitiva a la REACTIVACI\u00d3N DE LA INDUSTRIA.<\/p>\n\n\n\n<p><\/p>\n\n\n\n<p class=\"has-text-align-center\">Juli\u00e1n Matamala<\/p>\n\n\n\n<p class=\"has-text-align-center\">Secretario General<\/p>\n\n\n\n<p class=\"has-text-align-center\">Comisi\u00f3n Directiva<\/p>\n","protected":false},"excerpt":{"rendered":"<p>En el d\u00eda de hoy miembros de la Comisi\u00f3n Directiva de nuestro Sindicato representado por<\/p>\n","protected":false},"author":5,"featured_media":1598,"comment_status":"open","ping_status":"open","sticky":false,"template":"","format":"standard","meta":{"_monsterinsights_skip_tracking":false,"_monsterinsights_sitenote_active":false,"_monsterinsights_sitenote_note":"","_monsterinsights_sitenote_category":0},"categories":[10],"tags":[],"featured_image_urls":{"full":["https:\/\/personaljerarquico.com.ar\/wp-content\/uploads\/2022\/03\/gobernador2_1.jpg",426,323,false],"thumbnail":["https:\/\/personaljerarquico.com.ar\/wp-content\/uploads\/2022\/03\/gobernador2_1-150x150.jpg",150,150,true],"medium":["https:\/\/personaljerarquico.com.ar\/wp-content\/uploads\/2022\/03\/gobernador2_1-300x227.jpg",300,227,true],"medium_large":["https:\/\/personaljerarquico.com.ar\/wp-content\/uploads\/2022\/03\/gobernador2_1.jpg",426,323,false],"large":["https:\/\/personaljerarquico.com.ar\/wp-content\/uploads\/2022\/03\/gobernador2_1.jpg",426,323,false],"1536x1536":["https:\/\/personaljerarquico.com.ar\/wp-content\/uploads\/2022\/03\/gobernador2_1.jpg",426,323,false],"2048x2048":["https:\/\/personaljerarquico.com.ar\/wp-content\/uploads\/2022\/03\/gobernador2_1.jpg",426,323,false],"ultp_layout_landscape_large":["https:\/\/personaljerarquico.com.ar\/wp-content\/uploads\/2022\/03\/gobernador2_1.jpg",426,323,false],"ultp_layout_landscape":["https:\/\/personaljerarquico.com.ar\/wp-content\/uploads\/2022\/03\/gobernador2_1.jpg",426,323,false],"ultp_layout_portrait":["https:\/\/personaljerarquico.com.ar\/wp-content\/uploads\/2022\/03\/gobernador2_1.jpg",426,323,false],"ultp_layout_square":["https:\/\/personaljerarquico.com.ar\/wp-content\/uploads\/2022\/03\/gobernador2_1.jpg",426,323,false],"magazine-7-slider-full":["https:\/\/personaljerarquico.com.ar\/wp-content\/uploads\/2022\/03\/gobernador2_1.jpg",426,323,false],"magazine-7-slider-center":["https:\/\/personaljerarquico.com.ar\/wp-content\/uploads\/2022\/03\/gobernador2_1.jpg",426,323,false],"magazine-7-featured":["https:\/\/personaljerarquico.com.ar\/wp-content\/uploads\/2022\/03\/gobernador2_1.jpg",426,323,false],"magazine-7-medium":["https:\/\/personaljerarquico.com.ar\/wp-content\/uploads\/2022\/03\/gobernador2_1.jpg",426,323,false],"magazine-7-medium-square":["https:\/\/personaljerarquico.com.ar\/wp-content\/uploads\/2022\/03\/gobernador2_1.jpg",426,323,false],"menu-24x24":["https:\/\/personaljerarquico.com.ar\/wp-content\/uploads\/2022\/03\/gobernador2_1-24x18.jpg",24,18,true],"menu-36x36":["https:\/\/personaljerarquico.com.ar\/wp-content\/uploads\/2022\/03\/gobernador2_1-36x27.jpg",36,27,true],"menu-48x48":["https:\/\/personaljerarquico.com.ar\/wp-content\/uploads\/2022\/03\/gobernador2_1-48x36.jpg",48,36,true]},"author_info":{"display_name":"Thomas","author_link":"https:\/\/personaljerarquico.com.ar\/index.php\/author\/thomylij\/"},"category_info":"<a href=\"https:\/\/personaljerarquico.com.ar\/index.php\/category\/laborsindical\/\" rel=\"category tag\">Labor sindical<\/a>","tag_info":"Labor sindical","comment_count":"0","_links":{"self":[{"href":"https:\/\/personaljerarquico.com.ar\/index.php\/wp-json\/wp\/v2\/posts\/1597"}],"collection":[{"href":"https:\/\/personaljerarquico.com.ar\/index.php\/wp-json\/wp\/v2\/posts"}],"about":[{"href":"https:\/\/personaljerarquico.com.ar\/index.php\/wp-json\/wp\/v2\/types\/post"}],"author":[{"embeddable":true,"href":"https:\/\/personaljerarquico.com.ar\/index.php\/wp-json\/wp\/v2\/users\/5"}],"replies":[{"embeddable":true,"href":"https:\/\/personaljerarquico.com.ar\/index.php\/wp-json\/wp\/v2\/comments?post=1597"}],"version-history":[{"count":1,"href":"https:\/\/personaljerarquico.com.ar\/index.php\/wp-json\/wp\/v2\/posts\/1597\/revisions"}],"predecessor-version":[{"id":1599,"href":"https:\/\/personaljerarquico.com.ar\/index.php\/wp-json\/wp\/v2\/posts\/1597\/revisions\/1599"}],"wp:featuredmedia":[{"embeddable":true,"href":"https:\/\/personaljerarquico.com.ar\/index.php\/wp-json\/wp\/v2\/media\/1598"}],"wp:attachment":[{"href":"https:\/\/personaljerarquico.com.ar\/index.php\/wp-json\/wp\/v2\/media?parent=1597"}],"wp:term":[{"taxonomy":"category","embeddable":true,"href":"https:\/\/personaljerarquico.com.ar\/index.php\/wp-json\/wp\/v2\/categories?post=1597"},{"taxonomy":"post_tag","embeddable":true,"href":"https:\/\/personaljerarquico.com.ar\/index.php\/wp-json\/wp\/v2\/tags?post=1597"}],"curies":[{"name":"wp","href":"https:\/\/api.w.org\/{rel}","templated":true}]}}