{"id":1588,"date":"2022-03-14T11:59:48","date_gmt":"2022-03-14T14:59:48","guid":{"rendered":"https:\/\/personaljerarquico.com.ar\/?p=1588"},"modified":"2022-03-14T12:09:51","modified_gmt":"2022-03-14T15:09:51","slug":"acuerdo-salarial-2021","status":"publish","type":"post","link":"https:\/\/personaljerarquico.com.ar\/index.php\/2022\/03\/14\/acuerdo-salarial-2021\/","title":{"rendered":"Acuerdo Salarial 2022"},"content":{"rendered":"\n<p>Comunicamos a todos ustedes los \u00edtems m\u00e1s relevantes del acuerdo salarial por el que actualmente miembros de la Comisi\u00f3n Directiva de nuestro gremio est\u00e1n en Buenos Aires:<\/p>\n\n\n\n<p>Se adelantar\u00e1 al mes de MARZO 2022 el pago del porcentaje que es de aplicaci\u00f3n para el mes de MAYO 2022, equivalente al 10% quedando establecido de esta manera que en el mes de MARZO 2022 el incremento pasar\u00e1 a ser del 20% sobre los salarios vigentes al mes de NOVIEMBRE del 2021.<\/p>\n\n\n\n<p>En virtud del adelantamiento mencionado, se establece que el periodo paritario del a\u00f1o 2021, finalizara en MARZO del 2022 quedando as\u00ed determinado que el periodo paritario 2022 tendr\u00e1 vigencia desde el mes de ABRIL del 2022 hasta el mes de MARZO 2023 (ambos inclu\u00eddos).<\/p>\n\n\n\n<p><\/p>\n\n\n\n<div class=\"wp-block-image\"><figure class=\"aligncenter size-large\"><img loading=\"lazy\" width=\"726\" height=\"429\" src=\"https:\/\/personaljerarquico.com.ar\/wp-content\/uploads\/2022\/03\/secretarios-generales_1.jpg\" alt=\"\" class=\"wp-image-1589\"\/><figcaption><em>De Izquierda a Derecha: Manuel Ar\u00e9valo, Claudio Vidal, Marcelo Rucci, Juli\u00e1n Matamala, Edgar Villalba, Jorge \u00e4vila, Jos\u00e9 Llugdar<\/em><\/figcaption><\/figure><\/div>\n\n\n\n<p><\/p>\n\n\n\n<p>Acuerdan las partes otorgar un incremento adicional equivalente a la diferencia porcentual resultante entre el porcentaje total del IPC (\u00cdndice Precio Consumidor) acumulado por el periodo JUNIO 2021 &#8211; MARZO 2022 y el 35% ya otorgado, a aplicarse sobre los valores salariales vigentes al mes de NOVIEMBRE DEL 2021, dando por concluida la paritaria por dicho periodo y acuerdan reunirse las partes, el martes 29 de MARZO del 2022.<\/p>\n\n\n\n<p>Por los trabajadores que se desempe\u00f1an en la industria y que presentan tareas exclusivamente en jornadas de 8 horas sin poder realizar actividades propias de campo que le generan percepci\u00f3n de distintos adicionales, las partes acuerda establecer para este grupo de trabajadores un Salario Bruto Total Conformado Mensual m\u00ednimo de referencia, evitando el solapamiento salarial y respetando el Art\u00edculo 43 del CCT 641\/11. Las partes tambi\u00e9n acuerdan un valor m\u00ednimo de referencia de $ 135.000 que ser\u00e1 actualizado por las pautas de ajustes de las paritarias futuras, siendo el primer incremento el correspondiente al 20% para el mes de MARZO de 2022. Se entiende por Salario Bruto Conformado Mensual a la suma de todos los conceptos (remunerativos y NO remunerativos) convencionales y\/o NO convencionales que perciba el trabajador por mes.<\/p>\n\n\n\n<p><\/p>\n\n\n\n<div class=\"wp-block-image\"><figure class=\"aligncenter size-large\"><img loading=\"lazy\" width=\"450\" height=\"657\" src=\"https:\/\/personaljerarquico.com.ar\/wp-content\/uploads\/2022\/03\/2.jpg\" alt=\"\" class=\"wp-image-1590\"\/><figcaption><em>Firmando el Acta Nuestro Secretario General Juli\u00e1n Matamala S.P.J.P.C.<\/em><\/figcaption><\/figure><\/div>\n\n\n\n<p>Como instituci\u00f3n equilibramos el resguardo de la fuente de trabajo, del ingreso de nuestras familias y evitamos el deterioro de nuestros salarios como trabajadores, la labor gremial es un verdadero trabajo en equipo entre comisi\u00f3n directiva y representados.<\/p>\n\n\n\n<div class=\"wp-block-image\"><figure class=\"aligncenter size-large\"><img loading=\"lazy\" width=\"640\" height=\"480\" src=\"https:\/\/personaljerarquico.com.ar\/wp-content\/uploads\/2022\/03\/3.jpg\" alt=\"\" class=\"wp-image-1591\"\/><figcaption><em>De izquierda a Derecha: Sebasti\u00e1n Aguilar Secretario Gremial S.P.J.P.C., Claudio Moroni&nbsp;Ministro de Trabajo, Empleo y Seguridad Social, Juli\u00e1n Matamala Secretario General S.P.J.P.C.<\/em><\/figcaption><\/figure><\/div>\n\n\n\n<p>Sigamos juntos el camino emprendido y sin bajar los brazos.<\/p>\n\n\n\n<p>\u00a1LES MANDO UN FUERTE ABRAZO!<\/p>\n\n\n\n<p class=\"has-text-align-center\">Juli\u00e1n Matamala<\/p>\n\n\n\n<p class=\"has-text-align-center\">Secretario General<\/p>\n\n\n\n<p class=\"has-text-align-center\">Comisi\u00f3n Directiva.<\/p>\n","protected":false},"excerpt":{"rendered":"<p>Comunicamos a todos ustedes los \u00edtems m\u00e1s relevantes del acuerdo salarial por el que actualmente<\/p>\n","protected":false},"author":5,"featured_media":1589,"comment_status":"open","ping_status":"open","sticky":false,"template":"","format":"standard","meta":{"_monsterinsights_skip_tracking":false,"_monsterinsights_sitenote_active":false,"_monsterinsights_sitenote_note":"","_monsterinsights_sitenote_category":0},"categories":[10],"tags":[],"featured_image_urls":{"full":["https:\/\/personaljerarquico.com.ar\/wp-content\/uploads\/2022\/03\/secretarios-generales_1.jpg",726,429,false],"thumbnail":["https:\/\/personaljerarquico.com.ar\/wp-content\/uploads\/2022\/03\/secretarios-generales_1-150x150.jpg",150,150,true],"medium":["https:\/\/personaljerarquico.com.ar\/wp-content\/uploads\/2022\/03\/secretarios-generales_1-300x177.jpg",300,177,true],"medium_large":["https:\/\/personaljerarquico.com.ar\/wp-content\/uploads\/2022\/03\/secretarios-generales_1.jpg",640,378,false],"large":["https:\/\/personaljerarquico.com.ar\/wp-content\/uploads\/2022\/03\/secretarios-generales_1.jpg",640,378,false],"1536x1536":["https:\/\/personaljerarquico.com.ar\/wp-content\/uploads\/2022\/03\/secretarios-generales_1.jpg",726,429,false],"2048x2048":["https:\/\/personaljerarquico.com.ar\/wp-content\/uploads\/2022\/03\/secretarios-generales_1.jpg",726,429,false],"ultp_layout_landscape_large":["https:\/\/personaljerarquico.com.ar\/wp-content\/uploads\/2022\/03\/secretarios-generales_1.jpg",726,429,false],"ultp_layout_landscape":["https:\/\/personaljerarquico.com.ar\/wp-content\/uploads\/2022\/03\/secretarios-generales_1.jpg",726,429,false],"ultp_layout_portrait":["https:\/\/personaljerarquico.com.ar\/wp-content\/uploads\/2022\/03\/secretarios-generales_1-600x429.jpg",600,429,true],"ultp_layout_square":["https:\/\/personaljerarquico.com.ar\/wp-content\/uploads\/2022\/03\/secretarios-generales_1-600x429.jpg",600,429,true],"magazine-7-slider-full":["https:\/\/personaljerarquico.com.ar\/wp-content\/uploads\/2022\/03\/secretarios-generales_1.jpg",726,429,false],"magazine-7-slider-center":["https:\/\/personaljerarquico.com.ar\/wp-content\/uploads\/2022\/03\/secretarios-generales_1.jpg",726,429,false],"magazine-7-featured":["https:\/\/personaljerarquico.com.ar\/wp-content\/uploads\/2022\/03\/secretarios-generales_1.jpg",726,429,false],"magazine-7-medium":["https:\/\/personaljerarquico.com.ar\/wp-content\/uploads\/2022\/03\/secretarios-generales_1-720x380.jpg",720,380,true],"magazine-7-medium-square":["https:\/\/personaljerarquico.com.ar\/wp-content\/uploads\/2022\/03\/secretarios-generales_1-675x429.jpg",675,429,true],"menu-24x24":["https:\/\/personaljerarquico.com.ar\/wp-content\/uploads\/2022\/03\/secretarios-generales_1-24x14.jpg",24,14,true],"menu-36x36":["https:\/\/personaljerarquico.com.ar\/wp-content\/uploads\/2022\/03\/secretarios-generales_1-36x21.jpg",36,21,true],"menu-48x48":["https:\/\/personaljerarquico.com.ar\/wp-content\/uploads\/2022\/03\/secretarios-generales_1-48x28.jpg",48,28,true]},"author_info":{"display_name":"Thomas","author_link":"https:\/\/personaljerarquico.com.ar\/index.php\/author\/thomylij\/"},"category_info":"<a href=\"https:\/\/personaljerarquico.com.ar\/index.php\/category\/laborsindical\/\" rel=\"category tag\">Labor sindical<\/a>","tag_info":"Labor sindical","comment_count":"0","_links":{"self":[{"href":"https:\/\/personaljerarquico.com.ar\/index.php\/wp-json\/wp\/v2\/posts\/1588"}],"collection":[{"href":"https:\/\/personaljerarquico.com.ar\/index.php\/wp-json\/wp\/v2\/posts"}],"about":[{"href":"https:\/\/personaljerarquico.com.ar\/index.php\/wp-json\/wp\/v2\/types\/post"}],"author":[{"embeddable":true,"href":"https:\/\/personaljerarquico.com.ar\/index.php\/wp-json\/wp\/v2\/users\/5"}],"replies":[{"embeddable":true,"href":"https:\/\/personaljerarquico.com.ar\/index.php\/wp-json\/wp\/v2\/comments?post=1588"}],"version-history":[{"count":2,"href":"https:\/\/personaljerarquico.com.ar\/index.php\/wp-json\/wp\/v2\/posts\/1588\/revisions"}],"predecessor-version":[{"id":1601,"href":"https:\/\/personaljerarquico.com.ar\/index.php\/wp-json\/wp\/v2\/posts\/1588\/revisions\/1601"}],"wp:featuredmedia":[{"embeddable":true,"href":"https:\/\/personaljerarquico.com.ar\/index.php\/wp-json\/wp\/v2\/media\/1589"}],"wp:attachment":[{"href":"https:\/\/personaljerarquico.com.ar\/index.php\/wp-json\/wp\/v2\/media?parent=1588"}],"wp:term":[{"taxonomy":"category","embeddable":true,"href":"https:\/\/personaljerarquico.com.ar\/index.php\/wp-json\/wp\/v2\/categories?post=1588"},{"taxonomy":"post_tag","embeddable":true,"href":"https:\/\/personaljerarquico.com.ar\/index.php\/wp-json\/wp\/v2\/tags?post=1588"}],"curies":[{"name":"wp","href":"https:\/\/api.w.org\/{rel}","templated":true}]}}