{"id":1526,"date":"2021-12-17T11:58:31","date_gmt":"2021-12-17T14:58:31","guid":{"rendered":"https:\/\/personaljerarquico.com.ar\/?p=1526"},"modified":"2021-12-17T11:58:34","modified_gmt":"2021-12-17T14:58:34","slug":"transportes-griffouliere-y-emepa","status":"publish","type":"post","link":"https:\/\/personaljerarquico.com.ar\/index.php\/2021\/12\/17\/transportes-griffouliere-y-emepa\/","title":{"rendered":"Transportes Griffouliere y EMEPA"},"content":{"rendered":"\n<p>Informamos a todos nuestros afiliados que el d\u00eda jueves 16 de noviembre, miembros de la Comisi\u00f3n Directiva de nuestro sindicato, encabezada por nuestro Secretario General Julian Matamala y Secretario Gremial Sebastian Aguilar, visitaron la base operativa de la empresa Transportes Griffouliere y EMEPA para compartir una charla cara a cara con nuestros afiliados, compartir un di\u00e1logo informativo en ambas direcciones, conocer sus \u00e1mbitos de trabajo donde desarrollan sus labores diarias.<\/p>\n\n\n\n<p><\/p>\n\n\n\n<div class=\"wp-block-image\"><figure class=\"aligncenter size-large\"><img loading=\"lazy\" width=\"768\" height=\"491\" src=\"https:\/\/personaljerarquico.com.ar\/wp-content\/uploads\/2021\/12\/436dc977-c3e7-4c0c-8c07-6d3ccd8ff98a.jpg\" alt=\"\" class=\"wp-image-1527\"\/><\/figure><\/div>\n\n\n\n<p><\/p>\n\n\n\n<p>Siempre nuestro gremio estuvo abierto al buen di\u00e1logo, conocer de cerca a la\u00a0 gente que conf\u00eda en nosotros y en nuestra gesti\u00f3n, explicarle DE CERCA que su confianza est\u00e1 bien justificada. Firmes al compromiso que asumimos, cerca de nuestra gente y escuchando inquietudes y aclarando dudas.<\/p>\n\n\n\n<p>Que todo esfuerzo tenga sus frutos, que su trabajo sea el pilar s\u00f3lido de sus familias, que el di\u00e1logo sea nuestra mejor herramienta para perfeccionar nuestra Labor Gremial y sin dudas todo comienza estando cerca de nuestra gente.<\/p>\n\n\n\n<p>Gracias a todos los Jer\u00e1rquicos de Transportes Griffouliere y EMEPA que nos recibieron y a no bajar los brazos, este esfuerzo es parejo para todos<\/p>\n","protected":false},"excerpt":{"rendered":"<p>Informamos a todos nuestros afiliados que el d\u00eda jueves 16 de noviembre, miembros de la<\/p>\n","protected":false},"author":5,"featured_media":1527,"comment_status":"open","ping_status":"open","sticky":false,"template":"","format":"standard","meta":{"_monsterinsights_skip_tracking":false,"_monsterinsights_sitenote_active":false,"_monsterinsights_sitenote_note":"","_monsterinsights_sitenote_category":0},"categories":[10],"tags":[],"featured_image_urls":{"full":["https:\/\/personaljerarquico.com.ar\/wp-content\/uploads\/2021\/12\/436dc977-c3e7-4c0c-8c07-6d3ccd8ff98a.jpg",768,491,false],"thumbnail":["https:\/\/personaljerarquico.com.ar\/wp-content\/uploads\/2021\/12\/436dc977-c3e7-4c0c-8c07-6d3ccd8ff98a-150x150.jpg",150,150,true],"medium":["https:\/\/personaljerarquico.com.ar\/wp-content\/uploads\/2021\/12\/436dc977-c3e7-4c0c-8c07-6d3ccd8ff98a-300x192.jpg",300,192,true],"medium_large":["https:\/\/personaljerarquico.com.ar\/wp-content\/uploads\/2021\/12\/436dc977-c3e7-4c0c-8c07-6d3ccd8ff98a.jpg",640,409,false],"large":["https:\/\/personaljerarquico.com.ar\/wp-content\/uploads\/2021\/12\/436dc977-c3e7-4c0c-8c07-6d3ccd8ff98a.jpg",640,409,false],"1536x1536":["https:\/\/personaljerarquico.com.ar\/wp-content\/uploads\/2021\/12\/436dc977-c3e7-4c0c-8c07-6d3ccd8ff98a.jpg",768,491,false],"2048x2048":["https:\/\/personaljerarquico.com.ar\/wp-content\/uploads\/2021\/12\/436dc977-c3e7-4c0c-8c07-6d3ccd8ff98a.jpg",768,491,false],"ultp_layout_landscape_large":["https:\/\/personaljerarquico.com.ar\/wp-content\/uploads\/2021\/12\/436dc977-c3e7-4c0c-8c07-6d3ccd8ff98a.jpg",768,491,false],"ultp_layout_landscape":["https:\/\/personaljerarquico.com.ar\/wp-content\/uploads\/2021\/12\/436dc977-c3e7-4c0c-8c07-6d3ccd8ff98a.jpg",768,491,false],"ultp_layout_portrait":["https:\/\/personaljerarquico.com.ar\/wp-content\/uploads\/2021\/12\/436dc977-c3e7-4c0c-8c07-6d3ccd8ff98a-600x491.jpg",600,491,true],"ultp_layout_square":["https:\/\/personaljerarquico.com.ar\/wp-content\/uploads\/2021\/12\/436dc977-c3e7-4c0c-8c07-6d3ccd8ff98a-600x491.jpg",600,491,true],"magazine-7-slider-full":["https:\/\/personaljerarquico.com.ar\/wp-content\/uploads\/2021\/12\/436dc977-c3e7-4c0c-8c07-6d3ccd8ff98a.jpg",768,491,false],"magazine-7-slider-center":["https:\/\/personaljerarquico.com.ar\/wp-content\/uploads\/2021\/12\/436dc977-c3e7-4c0c-8c07-6d3ccd8ff98a.jpg",768,491,false],"magazine-7-featured":["https:\/\/personaljerarquico.com.ar\/wp-content\/uploads\/2021\/12\/436dc977-c3e7-4c0c-8c07-6d3ccd8ff98a.jpg",768,491,false],"magazine-7-medium":["https:\/\/personaljerarquico.com.ar\/wp-content\/uploads\/2021\/12\/436dc977-c3e7-4c0c-8c07-6d3ccd8ff98a-720x380.jpg",720,380,true],"magazine-7-medium-square":["https:\/\/personaljerarquico.com.ar\/wp-content\/uploads\/2021\/12\/436dc977-c3e7-4c0c-8c07-6d3ccd8ff98a-675x450.jpg",675,450,true],"menu-24x24":["https:\/\/personaljerarquico.com.ar\/wp-content\/uploads\/2021\/12\/436dc977-c3e7-4c0c-8c07-6d3ccd8ff98a-24x15.jpg",24,15,true],"menu-36x36":["https:\/\/personaljerarquico.com.ar\/wp-content\/uploads\/2021\/12\/436dc977-c3e7-4c0c-8c07-6d3ccd8ff98a-36x23.jpg",36,23,true],"menu-48x48":["https:\/\/personaljerarquico.com.ar\/wp-content\/uploads\/2021\/12\/436dc977-c3e7-4c0c-8c07-6d3ccd8ff98a-48x31.jpg",48,31,true]},"author_info":{"display_name":"Thomas","author_link":"https:\/\/personaljerarquico.com.ar\/index.php\/author\/thomylij\/"},"category_info":"<a href=\"https:\/\/personaljerarquico.com.ar\/index.php\/category\/laborsindical\/\" rel=\"category tag\">Labor sindical<\/a>","tag_info":"Labor sindical","comment_count":"0","_links":{"self":[{"href":"https:\/\/personaljerarquico.com.ar\/index.php\/wp-json\/wp\/v2\/posts\/1526"}],"collection":[{"href":"https:\/\/personaljerarquico.com.ar\/index.php\/wp-json\/wp\/v2\/posts"}],"about":[{"href":"https:\/\/personaljerarquico.com.ar\/index.php\/wp-json\/wp\/v2\/types\/post"}],"author":[{"embeddable":true,"href":"https:\/\/personaljerarquico.com.ar\/index.php\/wp-json\/wp\/v2\/users\/5"}],"replies":[{"embeddable":true,"href":"https:\/\/personaljerarquico.com.ar\/index.php\/wp-json\/wp\/v2\/comments?post=1526"}],"version-history":[{"count":1,"href":"https:\/\/personaljerarquico.com.ar\/index.php\/wp-json\/wp\/v2\/posts\/1526\/revisions"}],"predecessor-version":[{"id":1528,"href":"https:\/\/personaljerarquico.com.ar\/index.php\/wp-json\/wp\/v2\/posts\/1526\/revisions\/1528"}],"wp:featuredmedia":[{"embeddable":true,"href":"https:\/\/personaljerarquico.com.ar\/index.php\/wp-json\/wp\/v2\/media\/1527"}],"wp:attachment":[{"href":"https:\/\/personaljerarquico.com.ar\/index.php\/wp-json\/wp\/v2\/media?parent=1526"}],"wp:term":[{"taxonomy":"category","embeddable":true,"href":"https:\/\/personaljerarquico.com.ar\/index.php\/wp-json\/wp\/v2\/categories?post=1526"},{"taxonomy":"post_tag","embeddable":true,"href":"https:\/\/personaljerarquico.com.ar\/index.php\/wp-json\/wp\/v2\/tags?post=1526"}],"curies":[{"name":"wp","href":"https:\/\/api.w.org\/{rel}","templated":true}]}}