{"id":1406,"date":"2021-11-05T10:32:27","date_gmt":"2021-11-05T13:32:27","guid":{"rendered":"https:\/\/personaljerarquico.com.ar\/?p=1406"},"modified":"2021-11-05T10:39:05","modified_gmt":"2021-11-05T13:39:05","slug":"reunion-en-secretaria-de-energia","status":"publish","type":"post","link":"https:\/\/personaljerarquico.com.ar\/index.php\/2021\/11\/05\/reunion-en-secretaria-de-energia\/","title":{"rendered":"Reuni\u00f3n En Secretaria De Energ\u00eda."},"content":{"rendered":"\n<p><strong>El d\u00eda jueves 04 de noviembre,&nbsp;&nbsp;parte de la comisi\u00f3n directiva de nuestro gremio, viaj\u00f3 a Buenos Aires a una reuni\u00f3n entre los sindicatos de nuestra industria y Dario Martinez el secretario de Energ\u00eda de la Naci\u00f3n para resolver un conflicto con la empresa San Antonio que pone en riesgo 3500 puestos de trabajo.<\/strong><\/p>\n\n\n\n<figure class=\"wp-block-image size-large\"><img loading=\"lazy\" width=\"768\" height=\"1024\" src=\"https:\/\/personaljerarquico.com.ar\/wp-content\/uploads\/2021\/11\/3FDD4796-39B8-4DAE-AD21-23E29C654B05.jpeg\" alt=\"\" class=\"wp-image-1413\"\/><\/figure>\n\n\n\n<figure class=\"wp-block-image size-large\"><img loading=\"lazy\" width=\"1024\" height=\"768\" src=\"https:\/\/personaljerarquico.com.ar\/wp-content\/uploads\/2021\/11\/36B15EFD-DFF5-42E1-A307-FE5AA8A8800F.jpeg\" alt=\"\" class=\"wp-image-1412\"\/><\/figure>\n","protected":false},"excerpt":{"rendered":"<p>El d\u00eda jueves 04 de noviembre,&nbsp;&nbsp;parte de la comisi\u00f3n directiva de nuestro gremio, viaj\u00f3 a<\/p>\n","protected":false},"author":5,"featured_media":1414,"comment_status":"open","ping_status":"open","sticky":false,"template":"","format":"standard","meta":{"_monsterinsights_skip_tracking":false,"_monsterinsights_sitenote_active":false,"_monsterinsights_sitenote_note":"","_monsterinsights_sitenote_category":0},"categories":[10],"tags":[],"featured_image_urls":{"full":["https:\/\/personaljerarquico.com.ar\/wp-content\/uploads\/2021\/11\/6555460D-8F16-4B41-B320-B8496452C5E1.jpeg",768,1024,false],"thumbnail":["https:\/\/personaljerarquico.com.ar\/wp-content\/uploads\/2021\/11\/6555460D-8F16-4B41-B320-B8496452C5E1-150x150.jpeg",150,150,true],"medium":["https:\/\/personaljerarquico.com.ar\/wp-content\/uploads\/2021\/11\/6555460D-8F16-4B41-B320-B8496452C5E1-225x300.jpeg",225,300,true],"medium_large":["https:\/\/personaljerarquico.com.ar\/wp-content\/uploads\/2021\/11\/6555460D-8F16-4B41-B320-B8496452C5E1.jpeg",640,853,false],"large":["https:\/\/personaljerarquico.com.ar\/wp-content\/uploads\/2021\/11\/6555460D-8F16-4B41-B320-B8496452C5E1.jpeg",640,853,false],"1536x1536":["https:\/\/personaljerarquico.com.ar\/wp-content\/uploads\/2021\/11\/6555460D-8F16-4B41-B320-B8496452C5E1.jpeg",768,1024,false],"2048x2048":["https:\/\/personaljerarquico.com.ar\/wp-content\/uploads\/2021\/11\/6555460D-8F16-4B41-B320-B8496452C5E1.jpeg",768,1024,false],"ultp_layout_landscape_large":["https:\/\/personaljerarquico.com.ar\/wp-content\/uploads\/2021\/11\/6555460D-8F16-4B41-B320-B8496452C5E1-768x800.jpeg",768,800,true],"ultp_layout_landscape":["https:\/\/personaljerarquico.com.ar\/wp-content\/uploads\/2021\/11\/6555460D-8F16-4B41-B320-B8496452C5E1-768x570.jpeg",768,570,true],"ultp_layout_portrait":["https:\/\/personaljerarquico.com.ar\/wp-content\/uploads\/2021\/11\/6555460D-8F16-4B41-B320-B8496452C5E1-600x900.jpeg",600,900,true],"ultp_layout_square":["https:\/\/personaljerarquico.com.ar\/wp-content\/uploads\/2021\/11\/6555460D-8F16-4B41-B320-B8496452C5E1-600x600.jpeg",600,600,true],"magazine-7-slider-full":["https:\/\/personaljerarquico.com.ar\/wp-content\/uploads\/2021\/11\/6555460D-8F16-4B41-B320-B8496452C5E1-768x1020.jpeg",768,1020,true],"magazine-7-slider-center":["https:\/\/personaljerarquico.com.ar\/wp-content\/uploads\/2021\/11\/6555460D-8F16-4B41-B320-B8496452C5E1-768x897.jpeg",768,897,true],"magazine-7-featured":["https:\/\/personaljerarquico.com.ar\/wp-content\/uploads\/2021\/11\/6555460D-8F16-4B41-B320-B8496452C5E1.jpeg",768,1024,false],"magazine-7-medium":["https:\/\/personaljerarquico.com.ar\/wp-content\/uploads\/2021\/11\/6555460D-8F16-4B41-B320-B8496452C5E1-720x380.jpeg",720,380,true],"magazine-7-medium-square":["https:\/\/personaljerarquico.com.ar\/wp-content\/uploads\/2021\/11\/6555460D-8F16-4B41-B320-B8496452C5E1-675x450.jpeg",675,450,true],"menu-24x24":["https:\/\/personaljerarquico.com.ar\/wp-content\/uploads\/2021\/11\/6555460D-8F16-4B41-B320-B8496452C5E1-18x24.jpeg",18,24,true],"menu-36x36":["https:\/\/personaljerarquico.com.ar\/wp-content\/uploads\/2021\/11\/6555460D-8F16-4B41-B320-B8496452C5E1-27x36.jpeg",27,36,true],"menu-48x48":["https:\/\/personaljerarquico.com.ar\/wp-content\/uploads\/2021\/11\/6555460D-8F16-4B41-B320-B8496452C5E1-36x48.jpeg",36,48,true]},"author_info":{"display_name":"Thomas","author_link":"https:\/\/personaljerarquico.com.ar\/index.php\/author\/thomylij\/"},"category_info":"<a href=\"https:\/\/personaljerarquico.com.ar\/index.php\/category\/laborsindical\/\" rel=\"category tag\">Labor sindical<\/a>","tag_info":"Labor sindical","comment_count":"0","_links":{"self":[{"href":"https:\/\/personaljerarquico.com.ar\/index.php\/wp-json\/wp\/v2\/posts\/1406"}],"collection":[{"href":"https:\/\/personaljerarquico.com.ar\/index.php\/wp-json\/wp\/v2\/posts"}],"about":[{"href":"https:\/\/personaljerarquico.com.ar\/index.php\/wp-json\/wp\/v2\/types\/post"}],"author":[{"embeddable":true,"href":"https:\/\/personaljerarquico.com.ar\/index.php\/wp-json\/wp\/v2\/users\/5"}],"replies":[{"embeddable":true,"href":"https:\/\/personaljerarquico.com.ar\/index.php\/wp-json\/wp\/v2\/comments?post=1406"}],"version-history":[{"count":2,"href":"https:\/\/personaljerarquico.com.ar\/index.php\/wp-json\/wp\/v2\/posts\/1406\/revisions"}],"predecessor-version":[{"id":1418,"href":"https:\/\/personaljerarquico.com.ar\/index.php\/wp-json\/wp\/v2\/posts\/1406\/revisions\/1418"}],"wp:featuredmedia":[{"embeddable":true,"href":"https:\/\/personaljerarquico.com.ar\/index.php\/wp-json\/wp\/v2\/media\/1414"}],"wp:attachment":[{"href":"https:\/\/personaljerarquico.com.ar\/index.php\/wp-json\/wp\/v2\/media?parent=1406"}],"wp:term":[{"taxonomy":"category","embeddable":true,"href":"https:\/\/personaljerarquico.com.ar\/index.php\/wp-json\/wp\/v2\/categories?post=1406"},{"taxonomy":"post_tag","embeddable":true,"href":"https:\/\/personaljerarquico.com.ar\/index.php\/wp-json\/wp\/v2\/tags?post=1406"}],"curies":[{"name":"wp","href":"https:\/\/api.w.org\/{rel}","templated":true}]}}