{"id":1339,"date":"2021-07-17T11:40:15","date_gmt":"2021-07-17T14:40:15","guid":{"rendered":"https:\/\/personaljerarquico.com.ar\/?p=1339"},"modified":"2021-07-17T11:40:18","modified_gmt":"2021-07-17T14:40:18","slug":"potasio-rio-colorado","status":"publish","type":"post","link":"https:\/\/personaljerarquico.com.ar\/index.php\/2021\/07\/17\/potasio-rio-colorado\/","title":{"rendered":"Potasio R\u00edo Colorado"},"content":{"rendered":"\n<p>Este mi\u00e9rcoles nuestro Sindicato recibi\u00f3 a autoridades de la compa\u00f1\u00eda estatal&nbsp;<strong>PRC SA<\/strong>, que gestiona la mina de sal de potasio en Malarg\u00fce.<\/p>\n\n\n\n<p>Esta propuesta planea activar el trabajo en la zona Sur aunque esperan que haya una l\u00ednea clara de operaci\u00f3n hidrocarbur\u00edfera que garantice su desarrollo.<\/p>\n\n\n\n<p>Despu\u00e9s del encuentro, el secretario general de Jer\u00e1rquicos,\u00a0<strong>Juli\u00e1n Matamala<\/strong>, consider\u00f3 que\u00a0<em>\u201cel Gobierno se re\u00fana con nosotros y el Bloque es una buena se\u00f1al de que quieren empezar a trabajar en conjunto\u201d.<\/em>\u00a0Y confi\u00f3 que se mantendr\u00e1n en contacto para seguir de cerca los avances.\u00a0<\/p>\n\n\n\n<figure class=\"wp-block-embed is-type-video is-provider-youtube wp-block-embed-youtube wp-embed-aspect-16-9 wp-has-aspect-ratio\"><div class=\"wp-block-embed__wrapper\">\n<iframe loading=\"lazy\" title=\"Empresarios, Gobierno y gremios eval\u00faan su avance | Nueva Potasio R\u00edo Colorado\" width=\"640\" height=\"360\" src=\"https:\/\/www.youtube.com\/embed\/MlZ2vWVEWyE?feature=oembed\" frameborder=\"0\" allow=\"accelerometer; autoplay; clipboard-write; encrypted-media; gyroscope; picture-in-picture\" allowfullscreen><\/iframe>\n<\/div><\/figure>\n\n\n\n<p><\/p>\n","protected":false},"excerpt":{"rendered":"<p>Este mi\u00e9rcoles nuestro Sindicato recibi\u00f3 a autoridades de la compa\u00f1\u00eda estatal&nbsp;PRC SA, que gestiona la<\/p>\n","protected":false},"author":5,"featured_media":1340,"comment_status":"open","ping_status":"open","sticky":false,"template":"","format":"standard","meta":{"_monsterinsights_skip_tracking":false,"_monsterinsights_sitenote_active":false,"_monsterinsights_sitenote_note":"","_monsterinsights_sitenote_category":0},"categories":[10],"tags":[],"featured_image_urls":{"full":["https:\/\/personaljerarquico.com.ar\/wp-content\/uploads\/2021\/07\/julian.png",1366,768,false],"thumbnail":["https:\/\/personaljerarquico.com.ar\/wp-content\/uploads\/2021\/07\/julian-150x150.png",150,150,true],"medium":["https:\/\/personaljerarquico.com.ar\/wp-content\/uploads\/2021\/07\/julian-300x169.png",300,169,true],"medium_large":["https:\/\/personaljerarquico.com.ar\/wp-content\/uploads\/2021\/07\/julian-768x432.png",640,360,true],"large":["https:\/\/personaljerarquico.com.ar\/wp-content\/uploads\/2021\/07\/julian-1024x576.png",640,360,true],"1536x1536":["https:\/\/personaljerarquico.com.ar\/wp-content\/uploads\/2021\/07\/julian.png",1366,768,false],"2048x2048":["https:\/\/personaljerarquico.com.ar\/wp-content\/uploads\/2021\/07\/julian.png",1366,768,false],"ultp_layout_landscape_large":["https:\/\/personaljerarquico.com.ar\/wp-content\/uploads\/2021\/07\/julian-1200x768.png",1200,768,true],"ultp_layout_landscape":["https:\/\/personaljerarquico.com.ar\/wp-content\/uploads\/2021\/07\/julian-870x570.png",870,570,true],"ultp_layout_portrait":["https:\/\/personaljerarquico.com.ar\/wp-content\/uploads\/2021\/07\/julian-600x768.png",600,768,true],"ultp_layout_square":["https:\/\/personaljerarquico.com.ar\/wp-content\/uploads\/2021\/07\/julian-600x600.png",600,600,true],"magazine-7-slider-full":["https:\/\/personaljerarquico.com.ar\/wp-content\/uploads\/2021\/07\/julian.png",1366,768,false],"magazine-7-slider-center":["https:\/\/personaljerarquico.com.ar\/wp-content\/uploads\/2021\/07\/julian-936x768.png",936,768,true],"magazine-7-featured":["https:\/\/personaljerarquico.com.ar\/wp-content\/uploads\/2021\/07\/julian-1024x576.png",1024,576,true],"magazine-7-medium":["https:\/\/personaljerarquico.com.ar\/wp-content\/uploads\/2021\/07\/julian-720x380.png",720,380,true],"magazine-7-medium-square":["https:\/\/personaljerarquico.com.ar\/wp-content\/uploads\/2021\/07\/julian-675x450.png",675,450,true],"menu-24x24":["https:\/\/personaljerarquico.com.ar\/wp-content\/uploads\/2021\/07\/julian-24x13.png",24,13,true],"menu-36x36":["https:\/\/personaljerarquico.com.ar\/wp-content\/uploads\/2021\/07\/julian-36x20.png",36,20,true],"menu-48x48":["https:\/\/personaljerarquico.com.ar\/wp-content\/uploads\/2021\/07\/julian-48x27.png",48,27,true]},"author_info":{"display_name":"Thomas","author_link":"https:\/\/personaljerarquico.com.ar\/index.php\/author\/thomylij\/"},"category_info":"<a href=\"https:\/\/personaljerarquico.com.ar\/index.php\/category\/laborsindical\/\" rel=\"category tag\">Labor sindical<\/a>","tag_info":"Labor sindical","comment_count":"0","_links":{"self":[{"href":"https:\/\/personaljerarquico.com.ar\/index.php\/wp-json\/wp\/v2\/posts\/1339"}],"collection":[{"href":"https:\/\/personaljerarquico.com.ar\/index.php\/wp-json\/wp\/v2\/posts"}],"about":[{"href":"https:\/\/personaljerarquico.com.ar\/index.php\/wp-json\/wp\/v2\/types\/post"}],"author":[{"embeddable":true,"href":"https:\/\/personaljerarquico.com.ar\/index.php\/wp-json\/wp\/v2\/users\/5"}],"replies":[{"embeddable":true,"href":"https:\/\/personaljerarquico.com.ar\/index.php\/wp-json\/wp\/v2\/comments?post=1339"}],"version-history":[{"count":1,"href":"https:\/\/personaljerarquico.com.ar\/index.php\/wp-json\/wp\/v2\/posts\/1339\/revisions"}],"predecessor-version":[{"id":1341,"href":"https:\/\/personaljerarquico.com.ar\/index.php\/wp-json\/wp\/v2\/posts\/1339\/revisions\/1341"}],"wp:featuredmedia":[{"embeddable":true,"href":"https:\/\/personaljerarquico.com.ar\/index.php\/wp-json\/wp\/v2\/media\/1340"}],"wp:attachment":[{"href":"https:\/\/personaljerarquico.com.ar\/index.php\/wp-json\/wp\/v2\/media?parent=1339"}],"wp:term":[{"taxonomy":"category","embeddable":true,"href":"https:\/\/personaljerarquico.com.ar\/index.php\/wp-json\/wp\/v2\/categories?post=1339"},{"taxonomy":"post_tag","embeddable":true,"href":"https:\/\/personaljerarquico.com.ar\/index.php\/wp-json\/wp\/v2\/tags?post=1339"}],"curies":[{"name":"wp","href":"https:\/\/api.w.org\/{rel}","templated":true}]}}