{"id":1243,"date":"2021-06-14T09:57:30","date_gmt":"2021-06-14T12:57:30","guid":{"rendered":"https:\/\/personaljerarquico.com.ar\/?p=1243"},"modified":"2021-06-14T10:13:20","modified_gmt":"2021-06-14T13:13:20","slug":"acuerdo-salarial-2020-2021","status":"publish","type":"post","link":"https:\/\/personaljerarquico.com.ar\/index.php\/2021\/06\/14\/acuerdo-salarial-2020-2021\/","title":{"rendered":"Acuerdo Salarial 2020 &#8211; 2021"},"content":{"rendered":"\n<table width=\"100%\">\n<tbody>\n<tr>\n<td style=\"color: #333333;\" class=\"content-col\">\n<div style=\"text-align: justify;\"><span style=\"font-size: 14pt;\"><br>Comunicamos a todos ustedes los \u00edtems m\u00e1s relevantes del acuerdo paritario por el que miembros de la Comisi\u00f3n Directiva de nuestro gremio est\u00e1n en Buenos Aires:<br><br><\/span><\/div>\n<\/td>\n<\/tr>\n<tr style=\"text-align: justify;\">\n<td style=\"color: #333333;\" class=\"content-col\">\n<ul style=\"list-style-type: circle;\">\n<li><span style=\"font-size: 14pt;\"><strong>2020:<\/strong> con un 30% no remunerativa, lo que se va a agregar 15 % ya cobrado <strong>completando un total de 45 %<\/strong>, esto de va a desglosar de esta forma:<\/span>\n<ul style=\"list-style-type: circle;\">\n<li><span style=\"font-size: 14pt;\">15 % con los haberes de Junio<\/span><\/li>\n<li><span style=\"font-size: 14pt;\">7,5 en agosto<\/span><\/li>\n<li><span style=\"font-size: 14pt;\"> 7,5 en octubre (<em>en esta fecha se pasa a remunerativa<\/em>)<\/span><span style=\"font-size: 14pt;\"><\/span><\/li>\n<\/ul>\n<\/li>\n<\/ul>\n<\/td>\n<\/tr>\n<tr style=\"text-align: justify;\">\n<td style=\"color: #333333;\" class=\"content-col\">\n<ul>\n<li><span style=\"font-size: 14pt;\"><strong>2021:<\/strong> en un 35 % con posibilidad de revisi\u00f3n y desglosado de esta forma:<\/span>\n<ul>\n<li><span style=\"font-size: 14pt;\">15 % en enero 2022<\/span><\/li>\n<li><span style=\"font-size: 14pt;\">10 % en marzo<\/span><\/li>\n<li><span style=\"font-size: 14pt;\">10 % en mayo con una revisi\u00f3n en Abril 2022, <\/span><\/li>\n<li><span style=\"font-size: 14pt;\">Cabe aclarar que el primer 15 % que es para enero se va adelantar el pago para diciembre 2021.<\/span><\/li>\n<\/ul>\n<\/li>\n<\/ul>\n<\/td>\n<\/tr>\n<tr style=\"text-align: justify;\">\n<td style=\"color: #333333; text-align: center;\" class=\"content-col\"><span style=\"font-size: 14pt;\"><strong><img loading=\"lazy\" src=\"https:\/\/comunicate.email\/source\/5c4a19a00a8e3\/firma_001.jpg?1620774987484\" alt=\"\" width=\"565\" height=\"297\"><\/strong><\/span><\/td>\n<\/tr>\n<tr style=\"text-align: justify;\">\n<td style=\"color: #333333;\" class=\"content-col\">\n<div><span><br><span style=\"font-size: 14pt;\">Como instituci\u00f3n equilibramos el resguardo de la fuente de trabajo, del ingreso de nuestras familias y evitamos el deterioro de nuestros salarios como trabajadores, agradecemos a todos los compa\u00f1eros que estuvieron a disposici\u00f3n cada vez que solicitamos su ayuda en caso de que fuera necesario, porque eso demuestra que la labor gremial es un verdadero trabajo en equipo entre comisi\u00f3n directiva y representados.<\/span><br><br><span style=\"font-size: 14pt;\"><\/span><\/span><\/div>\n<\/td>\n<\/tr>\n<tr style=\"text-align: justify;\">\n<td style=\"color: #333333;\" class=\"content-col\">\n<div style=\"text-align: center;\"><span><span style=\"font-size: 14pt;\"><img loading=\"lazy\" src=\"https:\/\/comunicate.email\/source\/5c4a19a00a8e3\/firma_002.jpg?1620775064783\" alt=\"\" width=\"294\" height=\"467\"><\/span><\/span><\/div>\n<\/td>\n<\/tr>\n<tr style=\"text-align: justify;\">\n<td style=\"color: #333333;\" class=\"content-col\">\n<div>\n<div><span style=\"font-size: 14pt;\"><br>Sigamos juntos el camino emprendido y sin bajar los brazos.<\/span><\/div>\n<div><\/div>\n<div><span style=\"font-size: 14pt;\"><br><strong>LES MANDO UN FUERTE ABRAZO.<\/strong><\/span><\/div>\n<\/div>\n<\/td>\n<\/tr>\n<tr style=\"text-align: justify;\">\n<td style=\"text-align: center; color: #333333;\" class=\"content-col\"><br><span style=\"font-size: 14pt;\"><br>Juli\u00e1n Matamala<\/span><br><span style=\"font-size: 14pt;\">Secretario General<\/span><br><span style=\"font-size: 14pt;\">Comisi\u00f3n Directiva.<\/span><span><span style=\"font-size: 14pt;\"><br><\/span> &nbsp;<\/span><\/td>\n<\/tr>\n<\/tbody>\n<\/table>\n","protected":false},"excerpt":{"rendered":"<p>Comunicamos a todos ustedes los \u00edtems m\u00e1s relevantes del acuerdo paritario por el que miembros<\/p>\n","protected":false},"author":2,"featured_media":1255,"comment_status":"open","ping_status":"open","sticky":false,"template":"","format":"standard","meta":{"_monsterinsights_skip_tracking":false,"_monsterinsights_sitenote_active":false,"_monsterinsights_sitenote_note":"","_monsterinsights_sitenote_category":0},"categories":[10],"tags":[40],"featured_image_urls":{"full":["https:\/\/personaljerarquico.com.ar\/wp-content\/uploads\/2021\/06\/firma_001-e1623676384500.jpg",350,296,false],"thumbnail":["https:\/\/personaljerarquico.com.ar\/wp-content\/uploads\/2021\/06\/firma_001-e1623676384500-150x150.jpg",150,150,true],"medium":["https:\/\/personaljerarquico.com.ar\/wp-content\/uploads\/2021\/06\/firma_001-e1623676384500-300x254.jpg",300,254,true],"medium_large":["https:\/\/personaljerarquico.com.ar\/wp-content\/uploads\/2021\/06\/firma_001-e1623676384500.jpg",350,296,false],"large":["https:\/\/personaljerarquico.com.ar\/wp-content\/uploads\/2021\/06\/firma_001-e1623676384500.jpg",350,296,false],"1536x1536":["https:\/\/personaljerarquico.com.ar\/wp-content\/uploads\/2021\/06\/firma_001-e1623676384500.jpg",350,296,false],"2048x2048":["https:\/\/personaljerarquico.com.ar\/wp-content\/uploads\/2021\/06\/firma_001-e1623676384500.jpg",350,296,false],"ultp_layout_landscape_large":["https:\/\/personaljerarquico.com.ar\/wp-content\/uploads\/2021\/06\/firma_001-e1623676384500.jpg",350,296,false],"ultp_layout_landscape":["https:\/\/personaljerarquico.com.ar\/wp-content\/uploads\/2021\/06\/firma_001-e1623676384500.jpg",350,296,false],"ultp_layout_portrait":["https:\/\/personaljerarquico.com.ar\/wp-content\/uploads\/2021\/06\/firma_001-e1623676384500.jpg",350,296,false],"ultp_layout_square":["https:\/\/personaljerarquico.com.ar\/wp-content\/uploads\/2021\/06\/firma_001-e1623676384500.jpg",350,296,false],"magazine-7-slider-full":["https:\/\/personaljerarquico.com.ar\/wp-content\/uploads\/2021\/06\/firma_001-e1623676384500.jpg",350,296,false],"magazine-7-slider-center":["https:\/\/personaljerarquico.com.ar\/wp-content\/uploads\/2021\/06\/firma_001-e1623676384500.jpg",350,296,false],"magazine-7-featured":["https:\/\/personaljerarquico.com.ar\/wp-content\/uploads\/2021\/06\/firma_001-e1623676384500.jpg",350,296,false],"magazine-7-medium":["https:\/\/personaljerarquico.com.ar\/wp-content\/uploads\/2021\/06\/firma_001-e1623676384500.jpg",350,296,false],"magazine-7-medium-square":["https:\/\/personaljerarquico.com.ar\/wp-content\/uploads\/2021\/06\/firma_001-e1623676384500.jpg",350,296,false],"menu-24x24":["https:\/\/personaljerarquico.com.ar\/wp-content\/uploads\/2021\/06\/firma_001-e1623676384500-24x20.jpg",24,20,true],"menu-36x36":["https:\/\/personaljerarquico.com.ar\/wp-content\/uploads\/2021\/06\/firma_001-e1623676384500-36x30.jpg",36,30,true],"menu-48x48":["https:\/\/personaljerarquico.com.ar\/wp-content\/uploads\/2021\/06\/firma_001-e1623676384500-48x41.jpg",48,41,true]},"author_info":{"display_name":"Administracion SPPJ","author_link":"https:\/\/personaljerarquico.com.ar\/index.php\/author\/carolina\/"},"category_info":"<a href=\"https:\/\/personaljerarquico.com.ar\/index.php\/category\/laborsindical\/\" rel=\"category tag\">Labor sindical<\/a>","tag_info":"Labor sindical","comment_count":"0","_links":{"self":[{"href":"https:\/\/personaljerarquico.com.ar\/index.php\/wp-json\/wp\/v2\/posts\/1243"}],"collection":[{"href":"https:\/\/personaljerarquico.com.ar\/index.php\/wp-json\/wp\/v2\/posts"}],"about":[{"href":"https:\/\/personaljerarquico.com.ar\/index.php\/wp-json\/wp\/v2\/types\/post"}],"author":[{"embeddable":true,"href":"https:\/\/personaljerarquico.com.ar\/index.php\/wp-json\/wp\/v2\/users\/2"}],"replies":[{"embeddable":true,"href":"https:\/\/personaljerarquico.com.ar\/index.php\/wp-json\/wp\/v2\/comments?post=1243"}],"version-history":[{"count":2,"href":"https:\/\/personaljerarquico.com.ar\/index.php\/wp-json\/wp\/v2\/posts\/1243\/revisions"}],"predecessor-version":[{"id":1256,"href":"https:\/\/personaljerarquico.com.ar\/index.php\/wp-json\/wp\/v2\/posts\/1243\/revisions\/1256"}],"wp:featuredmedia":[{"embeddable":true,"href":"https:\/\/personaljerarquico.com.ar\/index.php\/wp-json\/wp\/v2\/media\/1255"}],"wp:attachment":[{"href":"https:\/\/personaljerarquico.com.ar\/index.php\/wp-json\/wp\/v2\/media?parent=1243"}],"wp:term":[{"taxonomy":"category","embeddable":true,"href":"https:\/\/personaljerarquico.com.ar\/index.php\/wp-json\/wp\/v2\/categories?post=1243"},{"taxonomy":"post_tag","embeddable":true,"href":"https:\/\/personaljerarquico.com.ar\/index.php\/wp-json\/wp\/v2\/tags?post=1243"}],"curies":[{"name":"wp","href":"https:\/\/api.w.org\/{rel}","templated":true}]}}