{"id":1172,"date":"2021-06-13T10:45:00","date_gmt":"2021-06-13T13:45:00","guid":{"rendered":"https:\/\/personaljerarquico.com.ar\/?p=1172"},"modified":"2021-06-13T10:45:03","modified_gmt":"2021-06-13T13:45:03","slug":"sindicatos-legisladores-y-empresas-buscan-una-salida-a-la-crisis-petrolera","status":"publish","type":"post","link":"https:\/\/personaljerarquico.com.ar\/index.php\/2021\/06\/13\/sindicatos-legisladores-y-empresas-buscan-una-salida-a-la-crisis-petrolera\/","title":{"rendered":"Sindicatos, legisladores y empresas buscan una salida a la crisis petrolera"},"content":{"rendered":"\n<tr class=\"block ui-sortable-handle current\" style=\"display: block; \nbackground-color: rgb(255, 255, 255); padding: 0px; margin: 0px;\">\n<td class=\"one-column\" style=\"padding: 0; color: rgb(51, 51, 51);\">\n                <table width=\"100%\" style=\"border-spacing: 0; font-family: \nsans-serif; color: #333333;\"><tbody><tr>\n<td class=\"inner contents content-col current\" style=\"padding: 10px; width: \n100%; text-align: left; color: rgb(51, 51, 51);\">\n<table style=\"border-spacing: 0; font-family: sans-serif; color: \n#333333;\"><tbody>\n<tr>\n<td style=\"padding: 0; text-align: center; color: #333333;\"><span \nstyle=\"font-size: 14pt;\"><strong><br>Seguimos trabajando en el compromiso que \nasumimos<br> por nuestros trabajadores \nrepresentados.<br><br><\/strong><\/span><\/td>\n<\/tr>\n<tr>\n<td style=\"padding: 0; text-align: justify; color: #333333;\">\n<br><span style=\"font-size: 12pt;\">Compartimos con todos nuestos afiliados, \nuna nueva nota publicada el d\u00eda de hoy 24 de Abril de 2020, siguiendo con la \nl\u00ednea de acci\u00f3n que hab\u00edamos anticipado, ponemos fragmentos de la nota \npublicada y dejamos el linl para que puedan leerla en su \ntotalidad.<br><br><\/span>\n<\/td>\n<\/tr>\n<tr>\n<td style=\"padding: 0; text-align: center; color: #333333;\">\n<img \nsrc=\"https:\/\/comunicate.email\/source\/5c4a19a00a8e3\/mdz_post.jpg?1587746636935\" \nalt=\"\" width=\"88\" height=\"66\" style=\"border: 0;\"><br><a \nhref=\"https:\/\/comunicate.email\/campaigns\/MTU4Nzc0NzcwNDg5NzE5Mi41ZWEzMWI3ODNiZjljQGFtdXBwZXRyb2wuY29tLmFy\/click\/aHR0cHM6Ly93d3cubWVuZG96YXBvc3QuY29tL25vdGEvMTQ5MjEwLXNpbmRpY2F0b3MtbGVnaXNsYWRvcmVzLXktZW1wcmVzYXMtYnVzY2FuLXVuYS1zYWxpZGEtYS1sYS1jcmlzaXMtcGV0cm9sZXJhLw,,\" \nstyle=\"color: #ee6a56; text-decoration: underline;\"><span><strong>Sindicatos, \nlegisladores y empresas <br>buscan una salida a la crisis \npetrolera<br><br><\/strong><\/span><\/a>\n<div class=\"description-boxed\"><span style=\"font-size: 12pt;\"><strong>En una \nreuni\u00f3n virtual en la que participaron el sindicalista Matamala, junto a los \nlegisladores Latorre, de Marchi Y F\u00e9lix, se centraron en el empleo y el \nprecio de referencia del crudo<br><br><\/strong><\/span><\/div>\n<a \nhref=\"https:\/\/comunicate.email\/campaigns\/MTU4Nzc0NzcwNDg5NzE5Mi41ZWEzMWI3ODNiZjljQGFtdXBwZXRyb2wuY29tLmFy\/click\/aHR0cHM6Ly93d3cubWVuZG96YXBvc3QuY29tL25vdGEvMTQ5MjEwLXNpbmRpY2F0b3MtbGVnaXNsYWRvcmVzLXktZW1wcmVzYXMtYnVzY2FuLXVuYS1zYWxpZGEtYS1sYS1jcmlzaXMtcGV0cm9sZXJhLw,,\" \nstyle=\"color: #ee6a56; text-decoration: \nunderline;\"><span><strong><\/strong><\/span><\/a>\n<\/td>\n<\/tr>\n<tr>\n<td style=\"padding: 0; color: #333333; text-align: justify;\">\n<br><span style=\"font-size: 12pt;\"><em>&#8220;&#8230;Sindicatos Petroleros \nJer\u00e1rquicos, Empresas, legisladores y funcionarios de Neuqu\u00e9n, R\u00edo Negro, \nChubut y Santa Cruz , junto a representantes de PyMES, en una \nvideoconferencia de 56 participantes, en la que  analizaron la crisis \npetrolera que afecta al mundo y al pa\u00eds, con el fin de buscar medidas para \nminimizar el impacto&#8230;&#8221;<br><br><\/em><\/span>\n<\/td>\n<\/tr>\n<tr>\n<td style=\"padding: 0; color: #333333; text-align: justify;\"><span \nstyle=\"font-size: 12pt;\"><em>&#8220;&#8230;El mendocino Matamala subray\u00f3 que el motivo \nde la reuni\u00f2n se centr\u00f3 en buscar &#8216;El mantenimiento del empleo y la \naplicaci\u00f3n de un precio de equilibrio para el \ncrudo&#8217;&#8230;&#8221;<br><br><\/em><\/span><\/td>\n<\/tr>\n<tr>\n<td style=\"padding: 0; color: #333333; text-align: center;\"><img \nsrc=\"https:\/\/comunicate.email\/source\/5c4a19a00a8e3\/jm.jpg?1587746948981\" \nalt=\"\" width=\"414\" height=\"304\" style=\"border: 0;\"><\/td>\n<\/tr>\n<tr>\n<td style=\"padding: 0; color: #333333; text-align: justify;\"><span \nstyle=\"font-size: 12pt;\"><em><br>&#8220;&#8230;El mendocino <b>Juli\u00e1n \nMatamala<\/b> remarc\u00f3 la importancia que significaba la uni\u00f3n de los \nactores m\u00e1s importantes de la Industria, dem\u00e1s de los legisladores y \nprecis\u00f3: &#8216;Convocar\u00e9 en los pr\u00f3ximos d\u00edas a los referentes provinciales, \npara <b>formar un bloque com\u00fan en defensa de una de las a la industrias que \nmayor empleo crea y que mas recursos proporciona el arca provincial<\/b>, a \ntodos los protagonistas involucrados o afectados por esta industria a un \ntrabajo conjunto de cara al porvenir de la actividad petrolera post pandemia. \nCon condiciones que nos permitan planificar adecuadamente la \nrecuperaci\u00f3n&#8217;&#8230;&#8221;<br><br><\/em><\/span><\/td>\n<\/tr>\n<tr>\n<td style=\"padding: 0; color: #333333; text-align: center;\">\n<img \nsrc=\"https:\/\/comunicate.email\/source\/5c4a19a00a8e3\/jm2.jpg?1587747264378\" \nalt=\"\" width=\"414\" height=\"304\" style=\"border: 0;\"><br>Video conferencia<\/td>\n<\/tr>\n<tr>\n<td style=\"padding: 0; color: #333333; text-align: center;\"><span \nstyle=\"font-size: 10pt;\"><strong><em><br>Post: MENDOZA POSTViernes 24 ABR \n2020.<\/em><\/strong><\/span><\/td>\n<\/tr>\n<\/tbody><\/table>\n<p style=\"Margin: 0; font-size: 14px; Margin-bottom: 10px;\"><\/p>\n<\/td>\n                    <\/tr><\/tbody><\/table>\n<\/td>\n        <\/tr>\n","protected":false},"excerpt":{"rendered":"<p>Seguimos trabajando en el compromiso que asumimos por nuestros trabajadores representados. Compartimos con todos nuestos<\/p>\n","protected":false},"author":2,"featured_media":0,"comment_status":"open","ping_status":"open","sticky":false,"template":"","format":"standard","meta":{"_monsterinsights_skip_tracking":false,"_monsterinsights_sitenote_active":false,"_monsterinsights_sitenote_note":"","_monsterinsights_sitenote_category":0},"categories":[10],"tags":[],"featured_image_urls":{"full":"","thumbnail":"","medium":"","medium_large":"","large":"","1536x1536":"","2048x2048":"","ultp_layout_landscape_large":"","ultp_layout_landscape":"","ultp_layout_portrait":"","ultp_layout_square":"","magazine-7-slider-full":"","magazine-7-slider-center":"","magazine-7-featured":"","magazine-7-medium":"","magazine-7-medium-square":"","menu-24x24":"","menu-36x36":"","menu-48x48":""},"author_info":{"display_name":"Administracion SPPJ","author_link":"https:\/\/personaljerarquico.com.ar\/index.php\/author\/carolina\/"},"category_info":"<a href=\"https:\/\/personaljerarquico.com.ar\/index.php\/category\/laborsindical\/\" rel=\"category tag\">Labor sindical<\/a>","tag_info":"Labor sindical","comment_count":"0","_links":{"self":[{"href":"https:\/\/personaljerarquico.com.ar\/index.php\/wp-json\/wp\/v2\/posts\/1172"}],"collection":[{"href":"https:\/\/personaljerarquico.com.ar\/index.php\/wp-json\/wp\/v2\/posts"}],"about":[{"href":"https:\/\/personaljerarquico.com.ar\/index.php\/wp-json\/wp\/v2\/types\/post"}],"author":[{"embeddable":true,"href":"https:\/\/personaljerarquico.com.ar\/index.php\/wp-json\/wp\/v2\/users\/2"}],"replies":[{"embeddable":true,"href":"https:\/\/personaljerarquico.com.ar\/index.php\/wp-json\/wp\/v2\/comments?post=1172"}],"version-history":[{"count":1,"href":"https:\/\/personaljerarquico.com.ar\/index.php\/wp-json\/wp\/v2\/posts\/1172\/revisions"}],"predecessor-version":[{"id":1173,"href":"https:\/\/personaljerarquico.com.ar\/index.php\/wp-json\/wp\/v2\/posts\/1172\/revisions\/1173"}],"wp:attachment":[{"href":"https:\/\/personaljerarquico.com.ar\/index.php\/wp-json\/wp\/v2\/media?parent=1172"}],"wp:term":[{"taxonomy":"category","embeddable":true,"href":"https:\/\/personaljerarquico.com.ar\/index.php\/wp-json\/wp\/v2\/categories?post=1172"},{"taxonomy":"post_tag","embeddable":true,"href":"https:\/\/personaljerarquico.com.ar\/index.php\/wp-json\/wp\/v2\/tags?post=1172"}],"curies":[{"name":"wp","href":"https:\/\/api.w.org\/{rel}","templated":true}]}}