{"id":1168,"date":"2021-06-11T11:26:26","date_gmt":"2021-06-11T14:26:26","guid":{"rendered":"https:\/\/personaljerarquico.com.ar\/?p=1168"},"modified":"2021-06-11T11:27:01","modified_gmt":"2021-06-11T14:27:01","slug":"nuevo-plenario-petrolero-mendoza-2020","status":"publish","type":"post","link":"https:\/\/personaljerarquico.com.ar\/index.php\/2021\/06\/11\/nuevo-plenario-petrolero-mendoza-2020\/","title":{"rendered":"Nuevo Plenario Petrolero &#8211; Mendoza 2020"},"content":{"rendered":"\n<table>\n<tbody>\n<tr>\n<td><iframe loading=\"lazy\" width=\"100%\" height=\"515\" src=\"https:\/\/www.youtube.com\/embed\/D1f0s_f_aZI\" frameborder=\"0\" allow=\"accelerometer; autoplay; encrypted-media; gyroscope; picture-in-picture\" allowfullscreen><\/iframe><\/td>\n<\/tr>\n<tr>\n<td>Nuevo  Plenario de Sindicatos Petroleros &#8211; Mendoza 2020. Los Sindicatos Jer\u00e1rquicos y de base de la actividad hidrocarbur\u00edfera de la Patagonia y Cuyo reunidos para analizar la situaci\u00f3n y contribuir desde nuestro lugar a encontrar la calma y estabilidad que nuestro pa\u00eds merece.<\/td>\n<\/tr>\n<\/tbody>\n<\/table>\n","protected":false},"excerpt":{"rendered":"<p>Nuevo Plenario de Sindicatos Petroleros &#8211; Mendoza 2020. Los Sindicatos Jer\u00e1rquicos y de base de<\/p>\n","protected":false},"author":2,"featured_media":0,"comment_status":"open","ping_status":"open","sticky":false,"template":"","format":"standard","meta":{"_monsterinsights_skip_tracking":false,"_monsterinsights_sitenote_active":false,"_monsterinsights_sitenote_note":"","_monsterinsights_sitenote_category":0},"categories":[10],"tags":[34,36],"featured_image_urls":{"full":"","thumbnail":"","medium":"","medium_large":"","large":"","1536x1536":"","2048x2048":"","ultp_layout_landscape_large":"","ultp_layout_landscape":"","ultp_layout_portrait":"","ultp_layout_square":"","magazine-7-slider-full":"","magazine-7-slider-center":"","magazine-7-featured":"","magazine-7-medium":"","magazine-7-medium-square":"","menu-24x24":"","menu-36x36":"","menu-48x48":""},"author_info":{"display_name":"Administracion SPPJ","author_link":"https:\/\/personaljerarquico.com.ar\/index.php\/author\/carolina\/"},"category_info":"<a href=\"https:\/\/personaljerarquico.com.ar\/index.php\/category\/laborsindical\/\" rel=\"category tag\">Labor sindical<\/a>","tag_info":"Labor sindical","comment_count":"0","_links":{"self":[{"href":"https:\/\/personaljerarquico.com.ar\/index.php\/wp-json\/wp\/v2\/posts\/1168"}],"collection":[{"href":"https:\/\/personaljerarquico.com.ar\/index.php\/wp-json\/wp\/v2\/posts"}],"about":[{"href":"https:\/\/personaljerarquico.com.ar\/index.php\/wp-json\/wp\/v2\/types\/post"}],"author":[{"embeddable":true,"href":"https:\/\/personaljerarquico.com.ar\/index.php\/wp-json\/wp\/v2\/users\/2"}],"replies":[{"embeddable":true,"href":"https:\/\/personaljerarquico.com.ar\/index.php\/wp-json\/wp\/v2\/comments?post=1168"}],"version-history":[{"count":1,"href":"https:\/\/personaljerarquico.com.ar\/index.php\/wp-json\/wp\/v2\/posts\/1168\/revisions"}],"predecessor-version":[{"id":1169,"href":"https:\/\/personaljerarquico.com.ar\/index.php\/wp-json\/wp\/v2\/posts\/1168\/revisions\/1169"}],"wp:attachment":[{"href":"https:\/\/personaljerarquico.com.ar\/index.php\/wp-json\/wp\/v2\/media?parent=1168"}],"wp:term":[{"taxonomy":"category","embeddable":true,"href":"https:\/\/personaljerarquico.com.ar\/index.php\/wp-json\/wp\/v2\/categories?post=1168"},{"taxonomy":"post_tag","embeddable":true,"href":"https:\/\/personaljerarquico.com.ar\/index.php\/wp-json\/wp\/v2\/tags?post=1168"}],"curies":[{"name":"wp","href":"https:\/\/api.w.org\/{rel}","templated":true}]}}