{"id":1155,"date":"2021-06-11T11:10:43","date_gmt":"2021-06-11T14:10:43","guid":{"rendered":"https:\/\/personaljerarquico.com.ar\/?p=1155"},"modified":"2021-06-11T11:10:46","modified_gmt":"2021-06-11T14:10:46","slug":"gestion-gremial","status":"publish","type":"post","link":"https:\/\/personaljerarquico.com.ar\/index.php\/2021\/06\/11\/gestion-gremial\/","title":{"rendered":"Gesti\u00f3n Gremial"},"content":{"rendered":"\n<table>\n<tbody>\n<tr>\n<td>\n<p style=\"text-align: center;\"><span style=\"font-size: 18pt;\"><strong>SIN BAJAR LOS BRAZOS EN NUESTRA GESTI\u00d3N SINDICAL<\/strong><\/span><\/p>\n<\/td>\n<\/tr>\n<tr>\n<td style=\"text-align: justify;\">\n<p><span style=\"font-size: 14pt;\"><\/span><\/p>\n<p><span style=\"font-size: 14pt;\">Informamos a todos los afiliados que a favor de la fuente laboral de nuestros compa\u00f1eros petroleros jer\u00e1rquicos representados, mediamos en la renovaci\u00f3n de un nuevo compromiso de trabajo entre una Operadora del Yacimiento Piedras Coloradas y una prestadora de servicios.<\/span><\/p>\n<p><span style=\"font-size: 14pt;\"><\/span><\/p>\n<p><span style=\"font-size: 14pt;\">El pasado mi\u00e9rcoles 04 de diciembre del corriente a\u00f1o, se logr\u00f3 una renovaci\u00f3n de contrato de PeCom al servicio de SINOPEC, el contexto actual de esta situaci\u00f3n parec\u00eda todo un desaf\u00edo al principio y gracias a la oportuna e incansable gesti\u00f3n de nuestra instituci\u00f3n, se logr\u00f3 revertir la situaci\u00f3n a favor de nuestra gente.<\/span><\/p>\n<p><span style=\"font-size: 14pt;\"><\/span><\/p>\n<p><span style=\"font-size: 14pt;\">Hoy podemos garantizar la continuidad de trabajo con una proyec<\/span><span style=\"font-size: 14pt;\">ci\u00f3n de 3 a\u00f1os (mas 2 a\u00f1os despu\u00e9s de una revisi\u00f3n de contrato) para nuestros representados adem\u00e1s de la protecci\u00f3n de su fuente laboral y la dignidad de sus familias.<\/span><\/p>\n<\/td>\n<\/tr>\n<tr>\n<td>\n<p><\/p>\n<p><\/p>\n<p style=\"text-align: center;\"><span style=\"font-size: 14pt;\">Juli\u00e1n Matamala<\/span><br \/><span style=\"font-size: 14pt;\">Secretario General<\/span><br \/><span style=\"font-size: 14pt;\">Comisi\u00f3n Directiva<\/span><\/p>\n<\/td>\n<\/tr>\n<\/tbody>\n<\/table>\n","protected":false},"excerpt":{"rendered":"<p>SIN BAJAR LOS BRAZOS EN NUESTRA GESTI\u00d3N SINDICAL Informamos a todos los afiliados que a<\/p>\n","protected":false},"author":2,"featured_media":0,"comment_status":"open","ping_status":"open","sticky":false,"template":"","format":"standard","meta":{"_monsterinsights_skip_tracking":false,"_monsterinsights_sitenote_active":false,"_monsterinsights_sitenote_note":"","_monsterinsights_sitenote_category":0},"categories":[10],"tags":[],"featured_image_urls":{"full":"","thumbnail":"","medium":"","medium_large":"","large":"","1536x1536":"","2048x2048":"","ultp_layout_landscape_large":"","ultp_layout_landscape":"","ultp_layout_portrait":"","ultp_layout_square":"","magazine-7-slider-full":"","magazine-7-slider-center":"","magazine-7-featured":"","magazine-7-medium":"","magazine-7-medium-square":"","menu-24x24":"","menu-36x36":"","menu-48x48":""},"author_info":{"display_name":"Administracion SPPJ","author_link":"https:\/\/personaljerarquico.com.ar\/index.php\/author\/carolina\/"},"category_info":"<a href=\"https:\/\/personaljerarquico.com.ar\/index.php\/category\/laborsindical\/\" rel=\"category tag\">Labor sindical<\/a>","tag_info":"Labor sindical","comment_count":"0","_links":{"self":[{"href":"https:\/\/personaljerarquico.com.ar\/index.php\/wp-json\/wp\/v2\/posts\/1155"}],"collection":[{"href":"https:\/\/personaljerarquico.com.ar\/index.php\/wp-json\/wp\/v2\/posts"}],"about":[{"href":"https:\/\/personaljerarquico.com.ar\/index.php\/wp-json\/wp\/v2\/types\/post"}],"author":[{"embeddable":true,"href":"https:\/\/personaljerarquico.com.ar\/index.php\/wp-json\/wp\/v2\/users\/2"}],"replies":[{"embeddable":true,"href":"https:\/\/personaljerarquico.com.ar\/index.php\/wp-json\/wp\/v2\/comments?post=1155"}],"version-history":[{"count":1,"href":"https:\/\/personaljerarquico.com.ar\/index.php\/wp-json\/wp\/v2\/posts\/1155\/revisions"}],"predecessor-version":[{"id":1156,"href":"https:\/\/personaljerarquico.com.ar\/index.php\/wp-json\/wp\/v2\/posts\/1155\/revisions\/1156"}],"wp:attachment":[{"href":"https:\/\/personaljerarquico.com.ar\/index.php\/wp-json\/wp\/v2\/media?parent=1155"}],"wp:term":[{"taxonomy":"category","embeddable":true,"href":"https:\/\/personaljerarquico.com.ar\/index.php\/wp-json\/wp\/v2\/categories?post=1155"},{"taxonomy":"post_tag","embeddable":true,"href":"https:\/\/personaljerarquico.com.ar\/index.php\/wp-json\/wp\/v2\/tags?post=1155"}],"curies":[{"name":"wp","href":"https:\/\/api.w.org\/{rel}","templated":true}]}}