{"id":1152,"date":"2021-06-11T11:05:43","date_gmt":"2021-06-11T14:05:43","guid":{"rendered":"https:\/\/personaljerarquico.com.ar\/?p=1152"},"modified":"2021-06-11T11:06:26","modified_gmt":"2021-06-11T14:06:26","slug":"spjpc-amuppetrol-y-anses","status":"publish","type":"post","link":"https:\/\/personaljerarquico.com.ar\/index.php\/2021\/06\/11\/spjpc-amuppetrol-y-anses\/","title":{"rendered":"SPJPC &#8211; AMUPPETROL y ANSES"},"content":{"rendered":"\n<table width=\"100%\">\n<tbody>\n<tr>\n<td style=\"text-align: center;\"><span style=\"font-size: 14pt;\"><strong>SPJPC &#8211; AMUPPETROL Y ANSES<\/strong><\/span><\/td>\n<\/tr>\n<tr style=\"text-align: justify;\">\n<td><\/td>\n<\/tr>\n<tr style=\"text-align: justify;\">\n<td><span>El d\u00eda 3 de diciembre en la sede principal en calle Primitivo de la Reta 849 de ciudad, mostramos que una vez m\u00e1s que seguimos mejorando lo que ya ven\u00edamos trabajando junto con ANSES y empezamos los tr\u00e1mites jubilatorios en nuestra propia sede, agilizando los mismos sin intermediarios externos. <br \/><br \/>Contamos ahora con personal de ANSES dentro de nuestras oficinas para cualquier tr\u00e1mite adem\u00e1s de jubilaciones, asignaciones familiares, actualizaci\u00f3n de datos personales, discapacidad, etc. que requieran nuestros afiliados y asociados con la comodidad de nuestras oficinas, arreglando cita con la asesora sin largas colas de espera.<\/span><\/td>\n<\/tr>\n<tr style=\"text-align: justify;\">\n<td><\/td>\n<\/tr>\n<tr style=\"text-align: justify;\">\n<td style=\"text-align: center;\"><img loading=\"lazy\" src=\"images\/SPJPC_AMUPPETROL_ANSES.jpg\" alt=\"\" width=\"371\" height=\"221\" \/><\/td>\n<\/tr>\n<tr style=\"text-align: justify;\">\n<td><\/td>\n<\/tr>\n<tr style=\"text-align: justify;\">\n<td style=\"text-align: justify;\"><span>Este es el camino de mejora continua que nos propusimos y esta es una forma de demostrar que seguimos en ese camino anunciado, todo aquel trabajador petrolero jer\u00e1rquico hoy cuenta con una herramienta efectiva y c\u00f3moda a la hora de pensar en su retiro.<br \/><br \/>Cualquier consulta respecto a tr\u00e1mites, consultar a:\u00a0MARIO BENDOLINI 261 3741614<\/span><\/td>\n<\/tr>\n<tr style=\"text-align: justify;\">\n<td>\n<p style=\"text-align: center;\"><\/p>\n<p style=\"text-align: center;\">Juli\u00e1n Matamala<\/p>\n<p style=\"text-align: center;\">Presidente AMUPPETROL<\/p>\n<p style=\"text-align: center;\">Comisi\u00f3n Directiva &#8211; Colaboradores<\/p>\n<\/td>\n<\/tr>\n<\/tbody>\n<\/table>\n","protected":false},"excerpt":{"rendered":"<p>SPJPC &#8211; AMUPPETROL Y ANSES El d\u00eda 3 de diciembre en la sede principal en<\/p>\n","protected":false},"author":2,"featured_media":0,"comment_status":"open","ping_status":"open","sticky":false,"template":"","format":"standard","meta":{"_monsterinsights_skip_tracking":false,"_monsterinsights_sitenote_active":false,"_monsterinsights_sitenote_note":"","_monsterinsights_sitenote_category":0},"categories":[10],"tags":[],"featured_image_urls":{"full":"","thumbnail":"","medium":"","medium_large":"","large":"","1536x1536":"","2048x2048":"","ultp_layout_landscape_large":"","ultp_layout_landscape":"","ultp_layout_portrait":"","ultp_layout_square":"","magazine-7-slider-full":"","magazine-7-slider-center":"","magazine-7-featured":"","magazine-7-medium":"","magazine-7-medium-square":"","menu-24x24":"","menu-36x36":"","menu-48x48":""},"author_info":{"display_name":"Administracion SPPJ","author_link":"https:\/\/personaljerarquico.com.ar\/index.php\/author\/carolina\/"},"category_info":"<a href=\"https:\/\/personaljerarquico.com.ar\/index.php\/category\/laborsindical\/\" rel=\"category tag\">Labor sindical<\/a>","tag_info":"Labor sindical","comment_count":"0","_links":{"self":[{"href":"https:\/\/personaljerarquico.com.ar\/index.php\/wp-json\/wp\/v2\/posts\/1152"}],"collection":[{"href":"https:\/\/personaljerarquico.com.ar\/index.php\/wp-json\/wp\/v2\/posts"}],"about":[{"href":"https:\/\/personaljerarquico.com.ar\/index.php\/wp-json\/wp\/v2\/types\/post"}],"author":[{"embeddable":true,"href":"https:\/\/personaljerarquico.com.ar\/index.php\/wp-json\/wp\/v2\/users\/2"}],"replies":[{"embeddable":true,"href":"https:\/\/personaljerarquico.com.ar\/index.php\/wp-json\/wp\/v2\/comments?post=1152"}],"version-history":[{"count":1,"href":"https:\/\/personaljerarquico.com.ar\/index.php\/wp-json\/wp\/v2\/posts\/1152\/revisions"}],"predecessor-version":[{"id":1153,"href":"https:\/\/personaljerarquico.com.ar\/index.php\/wp-json\/wp\/v2\/posts\/1152\/revisions\/1153"}],"wp:attachment":[{"href":"https:\/\/personaljerarquico.com.ar\/index.php\/wp-json\/wp\/v2\/media?parent=1152"}],"wp:term":[{"taxonomy":"category","embeddable":true,"href":"https:\/\/personaljerarquico.com.ar\/index.php\/wp-json\/wp\/v2\/categories?post=1152"},{"taxonomy":"post_tag","embeddable":true,"href":"https:\/\/personaljerarquico.com.ar\/index.php\/wp-json\/wp\/v2\/tags?post=1152"}],"curies":[{"name":"wp","href":"https:\/\/api.w.org\/{rel}","templated":true}]}}