{"id":1135,"date":"2021-06-11T10:39:28","date_gmt":"2021-06-11T13:39:28","guid":{"rendered":"https:\/\/personaljerarquico.com.ar\/?p=1135"},"modified":"2021-06-11T10:40:09","modified_gmt":"2021-06-11T13:40:09","slug":"labor-gremial-sin-descanso","status":"publish","type":"post","link":"https:\/\/personaljerarquico.com.ar\/index.php\/2021\/06\/11\/labor-gremial-sin-descanso\/","title":{"rendered":"Labor gremial, sin descanso"},"content":{"rendered":"\n<p style=\"text-align: center;\"><span><strong><span style=\"font-size: 18pt;\">CARGA DE TAREAS EXTRAS EN LOS DTMs.<\/span><br \/><br \/><br \/><\/strong><\/span><span><\/span><\/p>\n<p style=\"text-align: justify;\"><span style=\"font-size: 14pt;\">A todos nuestros afiliados, ponemos al tanto de la labor de esta instituci\u00f3n gremial apuntando a la base de la industria manteniendo el ritmo de producci\u00f3n, buscamos consensuar un movimiento de equipos de torre que sea \u00e1gil y eficiente, reevaluando la carga de tareas en los DTM. La b\u00fasqueda de este acuerdo nos llev\u00f3 a una reuni\u00f3n el pasado lunes 27 de mayo en Casa de Gobierno con el &#8220;Ministro de Gobierno Lisandro Nieri&#8221; planteando nuestra inquietud en post de la industria.\u00a0<\/span><\/p>\n<p style=\"text-align: center;\"><span><img src=\"images\/FOTO_002.jpg\" alt=\"\" \/><\/span><\/p>\n<p style=\"text-align: justify;\"><span style=\"font-size: 14pt;\">Reforzamos y continuamos el d\u00eda mi\u00e9rcoles 28 de mayo de 2019 en el Club Amuppetrol a partir de las 09:00 hs donde se reunieron miembros de nuestra comisi\u00f3n directiva y delegados junto a personal directivo de YPF Mendoza y Buenos Aires, para tratar estos temas relacionados a los cambios realizados en\u00a0DTM, expusimos nuestro desacuerdo con muchos de esos 132 puntos de check-list para evaluar a los equipos de Perforaci\u00f3n, Work Over y Pulling.<\/span><\/p>\n<p style=\"text-align: justify;\"><span style=\"font-size: 14pt;\">\u00a0<\/span><\/p>\n<p style=\"text-align: center;\"><span style=\"font-size: 14pt;\"><img src=\"images\/FOTO_001.jpg\" alt=\"\" \/><\/span><\/p>\n<p style=\"text-align: center;\"><span style=\"font-size: 14pt;\"><\/span><\/p>\n<p style=\"text-align: justify;\"><span style=\"font-size: 14pt;\"><span>Nuestro Secretario General Juli\u00e1n Matamala con miembros de la Comisi\u00f3n Directiva y Cuerpo de delegados, seguir\u00e1n defendiendo firmemente el<\/span><em>\u00a0<\/em><span>objeto planteado por este sindicato: \u201cestablecer las condiciones que aseguren la\u00a0sustentabilidad\u00a0de la producci\u00f3n hidrocarbur\u00edfera en los pozos y superar la actual coyuntura que se genera por la imposici\u00f3n de reglas y condiciones que en algunos casos rozan la burocracia, no habr\u00e1 tolerancia bajo ning\u00fan punto de vista por cualquier decisi\u00f3n\u00a0que pueda llegar a arriesgar la seguridad del personal operativo. Exponemos nuestro desacuerdo con la decisi\u00f3n\u00a0de acortar horarios y agregar m\u00e1s tareas al DTM, incluso exponemos nuestro malestar por NO RESPETAR acuerdos previos con esta entidad gremial\u201d.<\/span><\/span><\/p>\n<p style=\"text-align: justify;\"><span style=\"font-size: 14pt;\"><span>\u00a0<\/span><\/span><\/p>\n<p style=\"text-align: center;\"><span style=\"font-size: 14pt;\"><span><img src=\"images\/FOTO_003.jpg\" alt=\"\" \/><\/span><\/span><\/p>\n<p style=\"text-align: center;\"><span style=\"font-size: 14pt;\"><span><\/span><\/span><\/p>\n<p style=\"text-align: justify;\"><span style=\"font-size: 14pt;\"><span>Esta mesa de trabajo demuestra que nuestra labor es continua y consistente a favor de nuestros trabajadores representados, porque consideramos que somos el verdadero motor de esta industria.<br \/><br \/>Sigamos juntos en este esfuerzo que es para todos, para nuestra industria y por el bien de nuestras familias.<br \/><br \/><br \/>Juli\u00e1n Matamala<br \/>Secretario General<\/span><\/span><\/p>\n\n\n\n<p><\/p>\n","protected":false},"excerpt":{"rendered":"<p>CARGA DE TAREAS EXTRAS EN LOS DTMs. A todos nuestros afiliados, ponemos al tanto de<\/p>\n","protected":false},"author":2,"featured_media":0,"comment_status":"open","ping_status":"open","sticky":false,"template":"","format":"standard","meta":{"_monsterinsights_skip_tracking":false,"_monsterinsights_sitenote_active":false,"_monsterinsights_sitenote_note":"","_monsterinsights_sitenote_category":0},"categories":[10],"tags":[28],"featured_image_urls":{"full":"","thumbnail":"","medium":"","medium_large":"","large":"","1536x1536":"","2048x2048":"","ultp_layout_landscape_large":"","ultp_layout_landscape":"","ultp_layout_portrait":"","ultp_layout_square":"","magazine-7-slider-full":"","magazine-7-slider-center":"","magazine-7-featured":"","magazine-7-medium":"","magazine-7-medium-square":"","menu-24x24":"","menu-36x36":"","menu-48x48":""},"author_info":{"display_name":"Administracion SPPJ","author_link":"https:\/\/personaljerarquico.com.ar\/index.php\/author\/carolina\/"},"category_info":"<a href=\"https:\/\/personaljerarquico.com.ar\/index.php\/category\/laborsindical\/\" rel=\"category tag\">Labor sindical<\/a>","tag_info":"Labor sindical","comment_count":"0","_links":{"self":[{"href":"https:\/\/personaljerarquico.com.ar\/index.php\/wp-json\/wp\/v2\/posts\/1135"}],"collection":[{"href":"https:\/\/personaljerarquico.com.ar\/index.php\/wp-json\/wp\/v2\/posts"}],"about":[{"href":"https:\/\/personaljerarquico.com.ar\/index.php\/wp-json\/wp\/v2\/types\/post"}],"author":[{"embeddable":true,"href":"https:\/\/personaljerarquico.com.ar\/index.php\/wp-json\/wp\/v2\/users\/2"}],"replies":[{"embeddable":true,"href":"https:\/\/personaljerarquico.com.ar\/index.php\/wp-json\/wp\/v2\/comments?post=1135"}],"version-history":[{"count":2,"href":"https:\/\/personaljerarquico.com.ar\/index.php\/wp-json\/wp\/v2\/posts\/1135\/revisions"}],"predecessor-version":[{"id":1138,"href":"https:\/\/personaljerarquico.com.ar\/index.php\/wp-json\/wp\/v2\/posts\/1135\/revisions\/1138"}],"wp:attachment":[{"href":"https:\/\/personaljerarquico.com.ar\/index.php\/wp-json\/wp\/v2\/media?parent=1135"}],"wp:term":[{"taxonomy":"category","embeddable":true,"href":"https:\/\/personaljerarquico.com.ar\/index.php\/wp-json\/wp\/v2\/categories?post=1135"},{"taxonomy":"post_tag","embeddable":true,"href":"https:\/\/personaljerarquico.com.ar\/index.php\/wp-json\/wp\/v2\/tags?post=1135"}],"curies":[{"name":"wp","href":"https:\/\/api.w.org\/{rel}","templated":true}]}}