{"id":1131,"date":"2021-06-11T10:32:39","date_gmt":"2021-06-11T13:32:39","guid":{"rendered":"https:\/\/personaljerarquico.com.ar\/?p=1131"},"modified":"2021-06-11T10:33:20","modified_gmt":"2021-06-11T13:33:20","slug":"asamblea-memoria-y-cierre-de-balance-2018","status":"publish","type":"post","link":"https:\/\/personaljerarquico.com.ar\/index.php\/2021\/06\/11\/asamblea-memoria-y-cierre-de-balance-2018\/","title":{"rendered":"ASAMBLEA MEMORIA Y CIERRE DE BALANCE 2018"},"content":{"rendered":"\n<div style=\"line-height: 1.38; margin-top: 0pt; margin-bottom: 8pt; text-align: justify;\"><span style=\"font-size: 12pt; font-family: Arial; color: #333333; background-color: transparent; vertical-align: baseline;\">Estimados asociados, les informamos que este viernes 15 de marzo se realiz\u00f3 en Sede Mendoza la Asamblea de Memoria, Cierre y Balance 2018\/2019 con total aprobaci\u00f3n por parte de los delegados y afiliados presentes.<\/span><\/div>\n<div style=\"line-height: 1.38; margin-top: 0pt; margin-bottom: 8pt; text-align: justify;\"><span style=\"font-size: 12pt; font-family: Arial; color: #333333; background-color: transparent; vertical-align: baseline;\">Desde las 18 se disfrut\u00f3 de un cocktail de bienvenida y as\u00ed los asistentes se dispusieron con total agrado a escuchar el acto oficial. All\u00ed tomaron la palabra el presidente Juli\u00e1n Matamala, el secretario Emmanuel Matamala, el contador Claudio Bellino y el tesorero Juan C\u00f3rdoba.<\/span><\/div>\n<div style=\"line-height: 1.38; margin-top: 0pt; margin-bottom: 8pt; text-align: justify;\"><span style=\"font-size: 12pt; font-family: Arial; color: #333333; background-color: transparent; vertical-align: baseline;\">Tras el discurso de apertura del presidente, comenz\u00f3 la lectura de los Estados Contables del ejercicio cerrado al 31 de Diciembre de 2018 y la puesta en consideraci\u00f3n de las Memorias para su an\u00e1lisis, tanto del <\/span><span style=\"font-size: 12pt; font-family: Arial; color: #333333; background-color: transparent; font-weight: bold; vertical-align: baseline;\">SPJPC<\/span><span style=\"font-size: 12pt; font-family: Arial; color: #333333; background-color: transparent; vertical-align: baseline;\"> como de <\/span><span style=\"font-size: 12pt; font-family: Arial; color: #333333; background-color: transparent; font-weight: bold; vertical-align: baseline;\">AMUPPETROL<\/span><span style=\"font-size: 12pt; font-family: Arial; color: #333333; background-color: transparent; vertical-align: baseline;\">.<\/span><\/div>\n<div style=\"line-height: 1.38; margin-top: 0pt; margin-bottom: 8pt; text-align: justify;\"><span style=\"font-size: 12pt; font-family: Arial; color: #333333; background-color: transparent; font-weight: bold; vertical-align: baseline;\">Los logros de mayor significado en nuestro sindicato fueron:<\/span><\/div>\n<div style=\"line-height: 1.38; margin-top: 0pt; margin-bottom: 8pt; text-align: justify;\"><span style=\"font-size: 12pt; font-family: Arial; color: #333333; background-color: transparent; font-style: italic; vertical-align: baseline;\">*Avances en la pauta salarial que incluy\u00f3 un incremento salarial del 40%, el cual no fue alcanzado por los efectos del Impuesto de Ganancias.<\/span><\/div>\n<div style=\"line-height: 1.38; margin-top: 0pt; margin-bottom: 8pt; text-align: justify;\"><span style=\"font-size: 12pt; font-family: Arial; color: #333333; background-color: transparent; font-style: italic; vertical-align: baseline;\">*Contacto permanente con nuestros afiliados.<\/span><\/div>\n<div style=\"line-height: 1.38; margin-top: 0pt; margin-bottom: 8pt; text-align: justify;\"><span style=\"font-size: 12pt; font-family: Arial; color: #333333; background-color: transparent; font-style: italic; vertical-align: baseline;\">*Trabajo permanente de control de gastos y aplicaci\u00f3n de fondos para lograr un equilibrio en las finanzas.<\/span><\/div>\n<div style=\"line-height: 1.38; margin-top: 0pt; margin-bottom: 8pt; text-align: justify;\"><span style=\"font-size: 12pt; font-family: Arial; color: #333333; background-color: transparent; font-style: italic; vertical-align: baseline;\">*Inauguraci\u00f3n de la obra del sal\u00f3n de Usos M\u00faltiples de la sede y camping de Malarg\u00fce y la mejora en el sistema de calefacci\u00f3n del Sal\u00f3n Principal.<\/span><\/div>\n<div style=\"line-height: 1.38; margin-top: 0pt; margin-bottom: 8pt; text-align: justify;\"><span style=\"font-size: 12pt; font-family: Arial; color: #333333; background-color: transparent; font-style: italic; vertical-align: baseline;\">*Colaboraci\u00f3n con donaciones a personas e instituciones y la colaboraci\u00f3n con la mutual para realizar obras en el camping-club Ruta 60.<\/span><\/div>\n<div style=\"line-height: 1.38; margin-top: 0pt; margin-bottom: 8pt; text-align: justify;\"><span style=\"font-size: 12pt; font-family: Arial; color: #333333; background-color: transparent; font-style: italic; vertical-align: baseline;\">*Finalizaci\u00f3n del espacio de recreaci\u00f3n en la zona Corcovo, que comenz\u00f3 en 2017 y se termin\u00f3 gracias a la mano de obra a cargo de nuestros afiliados y delegados.<\/span><\/div>\n<div style=\"line-height: 1.38; margin-top: 0pt; margin-bottom: 8pt; text-align: justify;\"><span style=\"font-size: 12pt; font-family: Arial; color: #333333; background-color: transparent; vertical-align: baseline;\">De esta manera, queda visible que el principal objetivo de nuestro gremio siguen siendo nuestros afiliados. <\/span><\/div>\n<div style=\"line-height: 1.38; margin-top: 0pt; margin-bottom: 8pt; text-align: justify;\"><span style=\"font-size: 12pt; font-family: Arial; color: #333333; background-color: transparent; vertical-align: baseline;\">Para <\/span><span style=\"font-size: 12pt; font-family: Arial; color: #333333; background-color: transparent; font-weight: bold; vertical-align: baseline;\">AMUPPETROL <\/span><span style=\"font-size: 12pt; font-family: Arial; color: #333333; background-color: transparent; vertical-align: baseline;\">el 2018 fue de cambios e incorporaci\u00f3n de nuevas ideas, siempre impulsados por la motivaci\u00f3n de crecimiento. <\/span><span style=\"font-size: 12pt; font-family: Arial; color: #333333; background-color: transparent; font-weight: bold; vertical-align: baseline;\">As\u00ed se consigui\u00f3:<\/span><\/div>\n<div style=\"line-height: 1.38; margin-top: 0pt; margin-bottom: 8pt; text-align: justify;\"><span style=\"font-size: 12pt; font-family: Arial; color: #333333; background-color: transparent; font-style: italic; vertical-align: baseline;\">*Disponibilidad sin cargo de dos departamentos en Ciudad de Mendoza y dos en Buenos Aires para todo asociado y\/o familiar que lo requiera.<\/span><\/div>\n<div style=\"line-height: 1.38; margin-top: 0pt; margin-bottom: 8pt; text-align: justify;\"><span style=\"font-size: 12pt; font-family: Arial; color: #333333; background-color: transparent; font-style: italic; vertical-align: baseline;\">*Nuevo convenio con la C\u00e1mara Hotelera de Mendoza (descuentos entre un 10% y 15% de tarifas de mostrador) y con el lubricentro Prolube (15% off en servicio de mantenimiento y en mano de obra en inyecci\u00f3n electr\u00f3nica).<\/span><\/div>\n<div style=\"line-height: 1.38; margin-top: 0pt; margin-bottom: 8pt; text-align: justify;\"><span style=\"font-size: 12pt; font-family: Arial; color: #333333; background-color: transparent; font-style: italic; vertical-align: baseline;\">*An\u00e1lisis de una nueva modalidad de turismo con el asesoramiento de AMAVYT, para registrarnos como agencia de turismo.<\/span><\/div>\n<div style=\"line-height: 1.38; margin-top: 0pt; margin-bottom: 8pt; text-align: justify;\"><span style=\"font-size: 12pt; font-family: Arial; color: #333333; background-color: transparent; font-style: italic; vertical-align: baseline;\">*Finalizaci\u00f3n de nuestro Club AMUPPETROL MAIP\u00da, un predio destinado a la recreaci\u00f3n y esparcimiento de la familia petrolera jer\u00e1rquica. Con estacionamiento techado, alumbrado general, canchas f\u00fatbol con c\u00e9sped sint\u00e9tico y cierre con red, iluminaci\u00f3n con tecnolog\u00eda LED en canchas de tenis, entre otros.<\/span><\/div>\n<div style=\"line-height: 1.38; margin-top: 0pt; margin-bottom: 8pt; text-align: justify;\"><span style=\"font-size: 12pt; font-family: Arial; color: #333333; background-color: transparent; font-style: italic; vertical-align: baseline;\">*Incorporaci\u00f3n de la escuela de Verano sin cargo para los hijos de todos los asociados. <\/span><\/div>\n<div style=\"line-height: 1.38; margin-top: 0pt; margin-bottom: 8pt; text-align: justify;\"><span style=\"font-size: 12pt; font-family: Arial; color: #333333; background-color: transparent; font-style: italic; vertical-align: baseline;\">*Proyecto de construcci\u00f3n de cancha de bochas, cancha para Beach Voley y piscina climatizada en Malarg\u00fce.<\/span><\/div>\n<div style=\"line-height: 1.38; margin-top: 0pt; margin-bottom: 8pt; text-align: justify;\"><span style=\"font-size: 12pt; font-family: Arial; color: #333333; background-color: transparent; vertical-align: baseline;\">Aqu\u00ed se ve reflejado el objetivo que tiene la mutual para con sus asociados: un verdadero club modelo para la familia petrolera jer\u00e1rquica. <\/span><\/div>\n<div style=\"line-height: 1.38; margin-top: 0pt; margin-bottom: 8pt; text-align: justify;\"><span style=\"font-size: 12pt; font-family: Arial; color: #333333; background-color: transparent; vertical-align: baseline;\">Los delegados y afiliados de todos los rubros aprobaron por unanimidad la asamblea, y con sus manos levantadas se dio por terminada la sesi\u00f3n. <\/span><\/div>\n<div style=\"line-height: 1.38; margin-top: 0pt; margin-bottom: 8pt; text-align: justify;\"><span style=\"font-size: 12pt; font-family: Arial; color: #333333; background-color: transparent; vertical-align: baseline;\">Creemos haber cumplido gratamente con ustedes. Los invitamos a continuar unidos y seguir luchando en el camino emprendido.<\/span><\/div>\n<div style=\"line-height: 1.38; margin-top: 0pt; margin-bottom: 8pt; text-align: justify;\"><span style=\"font-size: 12pt; font-family: Arial; color: #333333; background-color: transparent; vertical-align: baseline;\">Nos renovamos y seguimos mejorando para nuestros trabajadores y nuestras familias.<br \/><br \/><\/span>\n<div style=\"text-align: justify;\"><strong>Juli\u00e1n Matamala<\/strong><\/div>\n<div style=\"text-align: justify;\"><strong>Secretario General<\/strong><\/div>\n<div style=\"text-align: justify;\"><strong>Comisi\u00f3n Directiva \u2013 Delegados &#8211; Colaboradores<\/strong><\/div>\n<\/div>\n","protected":false},"excerpt":{"rendered":"<p>Estimados asociados, les informamos que este viernes 15 de marzo se realiz\u00f3 en Sede Mendoza<\/p>\n","protected":false},"author":2,"featured_media":0,"comment_status":"open","ping_status":"open","sticky":false,"template":"","format":"standard","meta":{"_monsterinsights_skip_tracking":false,"_monsterinsights_sitenote_active":false,"_monsterinsights_sitenote_note":"","_monsterinsights_sitenote_category":0},"categories":[10],"tags":[],"featured_image_urls":{"full":"","thumbnail":"","medium":"","medium_large":"","large":"","1536x1536":"","2048x2048":"","ultp_layout_landscape_large":"","ultp_layout_landscape":"","ultp_layout_portrait":"","ultp_layout_square":"","magazine-7-slider-full":"","magazine-7-slider-center":"","magazine-7-featured":"","magazine-7-medium":"","magazine-7-medium-square":"","menu-24x24":"","menu-36x36":"","menu-48x48":""},"author_info":{"display_name":"Administracion SPPJ","author_link":"https:\/\/personaljerarquico.com.ar\/index.php\/author\/carolina\/"},"category_info":"<a href=\"https:\/\/personaljerarquico.com.ar\/index.php\/category\/laborsindical\/\" rel=\"category tag\">Labor sindical<\/a>","tag_info":"Labor sindical","comment_count":"0","_links":{"self":[{"href":"https:\/\/personaljerarquico.com.ar\/index.php\/wp-json\/wp\/v2\/posts\/1131"}],"collection":[{"href":"https:\/\/personaljerarquico.com.ar\/index.php\/wp-json\/wp\/v2\/posts"}],"about":[{"href":"https:\/\/personaljerarquico.com.ar\/index.php\/wp-json\/wp\/v2\/types\/post"}],"author":[{"embeddable":true,"href":"https:\/\/personaljerarquico.com.ar\/index.php\/wp-json\/wp\/v2\/users\/2"}],"replies":[{"embeddable":true,"href":"https:\/\/personaljerarquico.com.ar\/index.php\/wp-json\/wp\/v2\/comments?post=1131"}],"version-history":[{"count":1,"href":"https:\/\/personaljerarquico.com.ar\/index.php\/wp-json\/wp\/v2\/posts\/1131\/revisions"}],"predecessor-version":[{"id":1132,"href":"https:\/\/personaljerarquico.com.ar\/index.php\/wp-json\/wp\/v2\/posts\/1131\/revisions\/1132"}],"wp:attachment":[{"href":"https:\/\/personaljerarquico.com.ar\/index.php\/wp-json\/wp\/v2\/media?parent=1131"}],"wp:term":[{"taxonomy":"category","embeddable":true,"href":"https:\/\/personaljerarquico.com.ar\/index.php\/wp-json\/wp\/v2\/categories?post=1131"},{"taxonomy":"post_tag","embeddable":true,"href":"https:\/\/personaljerarquico.com.ar\/index.php\/wp-json\/wp\/v2\/tags?post=1131"}],"curies":[{"name":"wp","href":"https:\/\/api.w.org\/{rel}","templated":true}]}}