{"id":1126,"date":"2021-06-10T15:45:55","date_gmt":"2021-06-10T18:45:55","guid":{"rendered":"https:\/\/personaljerarquico.com.ar\/?p=1126"},"modified":"2021-06-10T16:49:41","modified_gmt":"2021-06-10T19:49:41","slug":"memoria-y-cierre-de-balance-malargue-2018-2019","status":"publish","type":"post","link":"https:\/\/personaljerarquico.com.ar\/index.php\/2021\/06\/10\/memoria-y-cierre-de-balance-malargue-2018-2019\/","title":{"rendered":"MEMORIA Y CIERRE DE BALANCE MALARG\u00dcE 2018\/2019"},"content":{"rendered":"\n<p style=\"text-align: center;\"><span style=\"font-size: 12pt;\">Estimados asociados<\/span><\/p>\n<p style=\"text-align: center;\"><span style=\"font-size: 12pt;\">Los esperamos el Jueves 28\/03 a las 21 hs en Sede Malarg\u00fce &#8211; San Mart\u00edn Norte 2148, a participar de la presentaci\u00f3n de cierre y balance 2018\/2019.<\/span><\/p>\n<p style=\"text-align: center;\"><span style=\"font-size: 12pt;\">Solicitamos confirmaci\u00f3n previa al +549 2604603334.<\/span><\/p>\n<p style=\"text-align: center;\"><span style=\"font-size: 12pt;\">Esperamos contar con su presencia.<\/span><\/p>\n<p style=\"text-align: center;\"><span style=\"font-size: 12pt;\">COMISI\u00d3N DIRECTIVA<\/span><\/p>\n<p><img src=\"images\/Afiche_Cierre_Balance-01.png\" alt=\"\" \/><\/p>\n<p><\/p>\n","protected":false},"excerpt":{"rendered":"<p>Estimados asociados Los esperamos el Jueves 28\/03 a las 21 hs en Sede Malarg\u00fce &#8211;<\/p>\n","protected":false},"author":2,"featured_media":0,"comment_status":"open","ping_status":"open","sticky":false,"template":"","format":"standard","meta":{"_monsterinsights_skip_tracking":false,"_monsterinsights_sitenote_active":false,"_monsterinsights_sitenote_note":"","_monsterinsights_sitenote_category":0},"categories":[10],"tags":[],"featured_image_urls":{"full":"","thumbnail":"","medium":"","medium_large":"","large":"","1536x1536":"","2048x2048":"","ultp_layout_landscape_large":"","ultp_layout_landscape":"","ultp_layout_portrait":"","ultp_layout_square":"","magazine-7-slider-full":"","magazine-7-slider-center":"","magazine-7-featured":"","magazine-7-medium":"","magazine-7-medium-square":"","menu-24x24":"","menu-36x36":"","menu-48x48":""},"author_info":{"display_name":"Administracion SPPJ","author_link":"https:\/\/personaljerarquico.com.ar\/index.php\/author\/carolina\/"},"category_info":"<a href=\"https:\/\/personaljerarquico.com.ar\/index.php\/category\/laborsindical\/\" rel=\"category tag\">Labor sindical<\/a>","tag_info":"Labor sindical","comment_count":"0","_links":{"self":[{"href":"https:\/\/personaljerarquico.com.ar\/index.php\/wp-json\/wp\/v2\/posts\/1126"}],"collection":[{"href":"https:\/\/personaljerarquico.com.ar\/index.php\/wp-json\/wp\/v2\/posts"}],"about":[{"href":"https:\/\/personaljerarquico.com.ar\/index.php\/wp-json\/wp\/v2\/types\/post"}],"author":[{"embeddable":true,"href":"https:\/\/personaljerarquico.com.ar\/index.php\/wp-json\/wp\/v2\/users\/2"}],"replies":[{"embeddable":true,"href":"https:\/\/personaljerarquico.com.ar\/index.php\/wp-json\/wp\/v2\/comments?post=1126"}],"version-history":[{"count":1,"href":"https:\/\/personaljerarquico.com.ar\/index.php\/wp-json\/wp\/v2\/posts\/1126\/revisions"}],"predecessor-version":[{"id":1128,"href":"https:\/\/personaljerarquico.com.ar\/index.php\/wp-json\/wp\/v2\/posts\/1126\/revisions\/1128"}],"wp:attachment":[{"href":"https:\/\/personaljerarquico.com.ar\/index.php\/wp-json\/wp\/v2\/media?parent=1126"}],"wp:term":[{"taxonomy":"category","embeddable":true,"href":"https:\/\/personaljerarquico.com.ar\/index.php\/wp-json\/wp\/v2\/categories?post=1126"},{"taxonomy":"post_tag","embeddable":true,"href":"https:\/\/personaljerarquico.com.ar\/index.php\/wp-json\/wp\/v2\/tags?post=1126"}],"curies":[{"name":"wp","href":"https:\/\/api.w.org\/{rel}","templated":true}]}}