{"id":1123,"date":"2021-06-10T15:37:23","date_gmt":"2021-06-10T18:37:23","guid":{"rendered":"https:\/\/personaljerarquico.com.ar\/?p=1123"},"modified":"2021-06-10T15:41:16","modified_gmt":"2021-06-10T18:41:16","slug":"convenio-con-anses","status":"publish","type":"post","link":"https:\/\/personaljerarquico.com.ar\/index.php\/2021\/06\/10\/convenio-con-anses\/","title":{"rendered":"CONVENIO CON ANSES"},"content":{"rendered":"\n<p class=\"v1MsoNormal\" style=\"text-align: center;\"><span style=\"font-size: 12pt;\"><span style=\"vertical-align: inherit;\"><span style=\"vertical-align: inherit;\">En octubre de 2018 encontramos 29 afiliados que han sido retirados de las empresas y tienen sus tr\u00e1mites jubilatorios a pesar de los requisitos m\u00e1s exigentes (50 a\u00f1os de edad y 25 de aportes), los tr\u00e1mites estaban ANSES en lo que usted se conoce como \u201cestado\u201d 30 \u201d, muchos de ellos en situaciones desesperantes y sin posibilidad de volver al mercado laboral. <\/span><span style=\"vertical-align: inherit;\">Los jubilados tambi\u00e9n son parte de nuestras preocupaciones y no los solos dejados.<\/span><\/span><\/span><\/p>\n<p class=\"v1MsoNormal\" style=\"text-align: center;\"><span style=\"font-size: 12pt;\">\u00a0<\/span><\/p>\n<p class=\"v1MsoNormal\" style=\"text-align: center;\"><span style=\"font-size: 12pt;\"><span style=\"vertical-align: inherit;\"><span style=\"vertical-align: inherit;\">Desde este SINDICATO Y MUTUAL iniciamos las gestiones con el \u00fanico objetivo de destrabar los tr\u00e1mites y lograr las jubilaciones, no fue una tarea f\u00e1cil, se hicieron denuncias en los organismos nacionales y provinciales, en el camino de los funcionarios, delegaciones de ANSES, inspectores, secretarios y hasta los ministros, hasta que finalmente encontramos los expedientes y las causas que demoraban.<\/span><\/span><\/span><\/p>\n<p class=\"v1MsoNormal\" style=\"text-align: center;\"><span style=\"font-size: 12pt;\">\u00a0<\/span><\/p>\n<p class=\"v1MsoNormal\" style=\"text-align: center;\"><span style=\"font-size: 12pt;\"><span style=\"vertical-align: inherit;\"><span style=\"vertical-align: inherit;\">Hoy podemos anunciar que ya tenemos 8 expedientes resueltos ya la espera de la liquidaci\u00f3n, no es poco y qu\u00e9 es lo que logramos en el registro de tiempo, el logramos tambi\u00e9n que se pierdan los retroactivos, que en la mayor\u00eda de los casos son montos grandes por el tiempo que les Llevaba el tr\u00e1mite.<\/span><\/span><\/span><\/p>\n<p class=\"v1MsoNormal\" style=\"text-align: justify;\"><span style=\"font-size: 18pt;\"><\/span><\/p>\n<p class=\"v1MsoNormal\"><span style=\"font-size: 18pt;\"><img loading=\"lazy\" src=\"images\/anses_001.jpg\" alt=\"\" width=\"443\" height=\"229\" style=\"display: block; margin-left: auto; margin-right: auto;\" \/><\/span><\/p>\n<p class=\"v1MsoNormal\" style=\"text-align: justify;\"><span style=\"font-size: 18pt;\">\u00a0<\/span><\/p>\n<p class=\"v1MsoNormal\" style=\"text-align: center;\"><span style=\"font-size: 12pt;\"><span style=\"vertical-align: inherit;\"><span style=\"vertical-align: inherit;\">Adem\u00e1s, no hay menos importancia, para evitar este tipo de demoras hemos convenido en un convenio con ANSES para que podamos organizar las actividades y el resto de las prestaciones a trav\u00e9s de SINDICATO y MUTUAL, a la vez que estamos capacitando a nuestros delegados para que vean al tanto de Los tr\u00e1mites y prestaciones que tiene ANSES.<\/span><\/span><\/span><\/p>\n<p class=\"v1MsoNormal\" style=\"text-align: center;\"><span style=\"font-size: 12pt;\">\u00a0<\/span><\/p>\n<p class=\"v1MsoNormal\" style=\"text-align: center;\"><span style=\"font-size: 12pt;\"><span style=\"vertical-align: inherit;\"><span style=\"vertical-align: inherit;\">Esto es el aut\u00e9ntico deberes que nos unamos y nos beneficiemos a todos, porque es el aut\u00e9ntico esfuerzo que ustedes nos apoyan sin dudar.<\/span><\/span><\/span><\/p>\n<p class=\"v1MsoNormal\" style=\"text-align: center;\"><span style=\"font-size: 12pt;\">\u00a0<\/span><\/p>\n<p class=\"v1MsoNormal\" style=\"text-align: center;\"><span style=\"font-size: 14pt;\"><span style=\"vertical-align: inherit;\"><span style=\"vertical-align: inherit;\">SIGAMOS JUNTOS POR LA FAMILIA PETROLERA JER\u00c1RQUICA.<\/span><\/span><\/span><\/p>\n<p class=\"v1MsoNormal\" style=\"text-align: center;\"><span style=\"font-size: 18pt;\">\u00a0<\/span><\/p>\n<p class=\"v1MsoNormal\"><img loading=\"lazy\" src=\"images\/LOGO-MUTUAL-Y-SINDICATO.jpg\" alt=\"\" width=\"678\" height=\"304\" style=\"display: block; margin-left: auto; margin-right: auto;\" \/><\/p>\n\n\n\n<p><\/p>\n","protected":false},"excerpt":{"rendered":"<p>En octubre de 2018 encontramos 29 afiliados que han sido retirados de las empresas y<\/p>\n","protected":false},"author":2,"featured_media":0,"comment_status":"open","ping_status":"open","sticky":false,"template":"","format":"standard","meta":{"_monsterinsights_skip_tracking":false,"_monsterinsights_sitenote_active":false,"_monsterinsights_sitenote_note":"","_monsterinsights_sitenote_category":0},"categories":[10],"tags":[],"featured_image_urls":{"full":"","thumbnail":"","medium":"","medium_large":"","large":"","1536x1536":"","2048x2048":"","ultp_layout_landscape_large":"","ultp_layout_landscape":"","ultp_layout_portrait":"","ultp_layout_square":"","magazine-7-slider-full":"","magazine-7-slider-center":"","magazine-7-featured":"","magazine-7-medium":"","magazine-7-medium-square":"","menu-24x24":"","menu-36x36":"","menu-48x48":""},"author_info":{"display_name":"Administracion SPPJ","author_link":"https:\/\/personaljerarquico.com.ar\/index.php\/author\/carolina\/"},"category_info":"<a href=\"https:\/\/personaljerarquico.com.ar\/index.php\/category\/laborsindical\/\" rel=\"category tag\">Labor sindical<\/a>","tag_info":"Labor sindical","comment_count":"0","_links":{"self":[{"href":"https:\/\/personaljerarquico.com.ar\/index.php\/wp-json\/wp\/v2\/posts\/1123"}],"collection":[{"href":"https:\/\/personaljerarquico.com.ar\/index.php\/wp-json\/wp\/v2\/posts"}],"about":[{"href":"https:\/\/personaljerarquico.com.ar\/index.php\/wp-json\/wp\/v2\/types\/post"}],"author":[{"embeddable":true,"href":"https:\/\/personaljerarquico.com.ar\/index.php\/wp-json\/wp\/v2\/users\/2"}],"replies":[{"embeddable":true,"href":"https:\/\/personaljerarquico.com.ar\/index.php\/wp-json\/wp\/v2\/comments?post=1123"}],"version-history":[{"count":2,"href":"https:\/\/personaljerarquico.com.ar\/index.php\/wp-json\/wp\/v2\/posts\/1123\/revisions"}],"predecessor-version":[{"id":1125,"href":"https:\/\/personaljerarquico.com.ar\/index.php\/wp-json\/wp\/v2\/posts\/1123\/revisions\/1125"}],"wp:attachment":[{"href":"https:\/\/personaljerarquico.com.ar\/index.php\/wp-json\/wp\/v2\/media?parent=1123"}],"wp:term":[{"taxonomy":"category","embeddable":true,"href":"https:\/\/personaljerarquico.com.ar\/index.php\/wp-json\/wp\/v2\/categories?post=1123"},{"taxonomy":"post_tag","embeddable":true,"href":"https:\/\/personaljerarquico.com.ar\/index.php\/wp-json\/wp\/v2\/tags?post=1123"}],"curies":[{"name":"wp","href":"https:\/\/api.w.org\/{rel}","templated":true}]}}