{"id":1119,"date":"2021-06-10T15:33:03","date_gmt":"2021-06-10T18:33:03","guid":{"rendered":"https:\/\/personaljerarquico.com.ar\/?p=1119"},"modified":"2021-06-10T15:34:24","modified_gmt":"2021-06-10T18:34:24","slug":"inauguracion-corcovo","status":"publish","type":"post","link":"https:\/\/personaljerarquico.com.ar\/index.php\/2021\/06\/10\/inauguracion-corcovo\/","title":{"rendered":"INAUGURACI\u00d3N CORCOVO"},"content":{"rendered":"\n<p><span style=\"font-size: 12pt;\">A todos los compa\u00f1eros y asociados queremos informarles este acto de inauguraci\u00f3n de las NUEVAS CANCHAS DE PADDLE como &#8220;espacio recreativo&#8221; dentro del yacimiento CORCOVO. Con el esfuerzo de afiliados y compa\u00f1eros de trabajo que voluntariamente ofrecieron su esfuerzo en nombre de todos los trabajadores de la zona y tambi\u00e9n a empresas que aportaron recursos necesarios para concretar esta obra.<\/span><\/p>\n<p><span style=\"font-size: 14pt;\">\u00a0 \u00a0 \u00a0 \u00a0 \u00a0 \u00a0 \u00a0 \u00a0 \u00a0 \u00a0 \u00a0 \u00a0 \u00a0 \u00a0 \u00a0 \u00a0 \u00a0 \u00a0 \u00a0 \u00a0 \u00a0 \u00a0 \u00a0 \u00a0 \u00a0 \u00a0 \u00a0 \u00a0 \u00a0 \u00a0 \u00a0 \u00a0 \u00a0 \u00a0 \u00a0 \u00a0 \u00a0 \u00a0 \u00a0 \u00a0 \u00a0 \u00a0 \u00a0 \u00a0 \u00a0\u00a0<img src=\"images\/SPJPC_AMUPPETROL_11_12_2018-002.jpg\" alt=\"\" \/><\/span><\/p>\n<p><span style=\"font-size: 12pt;\">Se iniciaron las actividades de inauguraci\u00f3n con dos TORNEOS para comenzar el uso de este espacio recreativo para trabajadores, jugando a PADDLE desde el mi\u00e9rcoles a la &#8220;tarde &#8211; noche&#8221; que se extendi\u00f3 hasta el d\u00eda jueves y en el los mismos d\u00edas el encuentro desafiante de TRUCO. Adjuntamos fotos del podio de los ganadores.<\/span><\/p>\n<p><span style=\"font-size: 14pt;\">\u00a0 \u00a0 \u00a0 \u00a0<img loading=\"lazy\" src=\"images\/SPJPC_AMUPPETROL_11_12_2018-003.jpg\" alt=\"\" width=\"588\" height=\"317\" \/>\u00a0\u00a0<img loading=\"lazy\" src=\"images\/SPJPC_AMUPPETROL_11_12_2018-004.jpg\" alt=\"\" width=\"504\" height=\"317\" \/><\/span><\/p>\n<p><span style=\"font-size: 12pt;\">Finalizando este encuentros de CAMARADAS con palabras informativas por parte de <strong>nuestro Secretario General JULIAN MATAMALA<\/strong> y del Secretario General del Sindicato de Petr\u00f3leo y Gas Privado de R\u00edo Negro, Neuqu\u00e9n y La Pampa GUILLERMO PEREYRA cerrando con un almuerzo entre amigos.<\/span><\/p>\n<p><span style=\"font-size: 14pt;\">\u00a0 \u00a0 \u00a0 \u00a0 \u00a0 \u00a0 \u00a0 \u00a0 \u00a0 \u00a0 \u00a0 \u00a0 \u00a0 \u00a0 \u00a0 \u00a0 \u00a0 \u00a0 \u00a0 \u00a0 \u00a0 \u00a0 \u00a0 \u00a0 \u00a0 \u00a0 \u00a0 \u00a0 \u00a0 \u00a0 \u00a0 \u00a0 \u00a0 \u00a0\u00a0<img src=\"images\/SPJPC_AMUPPETROL_11_12_2018-005.jpg\" alt=\"\" \/><\/span><\/p>\n<p><span style=\"font-size: 12pt;\">Se destina este espacio recreativo a todo trabajador dentro del Yacimiento EL CORCOVO, sea o no perteneciente al SINDICATO DEL PERSONAL JERARQUICO Y PROFESIONAL DEL PETROLEO, GAS PRIVADO Y QUIMICOS DE CUYO Y LA RIOJA, porque la intenci\u00f3n es reconocer el esfuerzo y sacrificio de su trabajo diario brindando un espacio recreativo. Entendemos que por parte los trabajadores de la zona <span style=\"text-decoration: underline;\"><strong>TENDREMOS EL COMPROMISO DE CUIDAR LAS INSTALACIONES COMO SI FUERAN PROPIAS DENTRO DEL HORARIO DE ESPARCIMIENTO Y DESCANSO QUE SUS OBLIGACIONES DIARIAS LES PERMITAN TENER.<\/strong><\/span> <\/span><\/p>\n<p><span style=\"font-size: 14pt;\"><span style=\"font-size: 12pt;\">Agradecemos a todos los presentes el haber brindado su apoyo y seguiremos atentos a velar esta incansable fuerza trabajadora petrolera. MUCHAS GRACIAS!<\/span> <\/span><\/p>\n<p style=\"text-align: center;\"><span style=\"font-size: 14pt;\"><strong><\/strong><\/span><\/p>\n<p style=\"text-align: center;\"><span style=\"font-size: 14pt;\"><strong>Juli\u00e1n Matamala <\/strong><\/span><\/p>\n<p style=\"text-align: center;\"><span style=\"font-size: 14pt;\"><strong>Secretario General <\/strong><\/span><\/p>\n<p style=\"text-align: center;\"><span style=\"font-size: 14pt;\"><strong>Cuerpo de Delegados y Colaboradores<\/strong><\/span><\/p>\n","protected":false},"excerpt":{"rendered":"<p>A todos los compa\u00f1eros y asociados queremos informarles este acto de inauguraci\u00f3n de las NUEVAS<\/p>\n","protected":false},"author":2,"featured_media":0,"comment_status":"open","ping_status":"open","sticky":false,"template":"","format":"standard","meta":{"_monsterinsights_skip_tracking":false,"_monsterinsights_sitenote_active":false,"_monsterinsights_sitenote_note":"","_monsterinsights_sitenote_category":0},"categories":[10],"tags":[],"featured_image_urls":{"full":"","thumbnail":"","medium":"","medium_large":"","large":"","1536x1536":"","2048x2048":"","ultp_layout_landscape_large":"","ultp_layout_landscape":"","ultp_layout_portrait":"","ultp_layout_square":"","magazine-7-slider-full":"","magazine-7-slider-center":"","magazine-7-featured":"","magazine-7-medium":"","magazine-7-medium-square":"","menu-24x24":"","menu-36x36":"","menu-48x48":""},"author_info":{"display_name":"Administracion SPPJ","author_link":"https:\/\/personaljerarquico.com.ar\/index.php\/author\/carolina\/"},"category_info":"<a href=\"https:\/\/personaljerarquico.com.ar\/index.php\/category\/laborsindical\/\" rel=\"category tag\">Labor sindical<\/a>","tag_info":"Labor sindical","comment_count":"0","_links":{"self":[{"href":"https:\/\/personaljerarquico.com.ar\/index.php\/wp-json\/wp\/v2\/posts\/1119"}],"collection":[{"href":"https:\/\/personaljerarquico.com.ar\/index.php\/wp-json\/wp\/v2\/posts"}],"about":[{"href":"https:\/\/personaljerarquico.com.ar\/index.php\/wp-json\/wp\/v2\/types\/post"}],"author":[{"embeddable":true,"href":"https:\/\/personaljerarquico.com.ar\/index.php\/wp-json\/wp\/v2\/users\/2"}],"replies":[{"embeddable":true,"href":"https:\/\/personaljerarquico.com.ar\/index.php\/wp-json\/wp\/v2\/comments?post=1119"}],"version-history":[{"count":1,"href":"https:\/\/personaljerarquico.com.ar\/index.php\/wp-json\/wp\/v2\/posts\/1119\/revisions"}],"predecessor-version":[{"id":1121,"href":"https:\/\/personaljerarquico.com.ar\/index.php\/wp-json\/wp\/v2\/posts\/1119\/revisions\/1121"}],"wp:attachment":[{"href":"https:\/\/personaljerarquico.com.ar\/index.php\/wp-json\/wp\/v2\/media?parent=1119"}],"wp:term":[{"taxonomy":"category","embeddable":true,"href":"https:\/\/personaljerarquico.com.ar\/index.php\/wp-json\/wp\/v2\/categories?post=1119"},{"taxonomy":"post_tag","embeddable":true,"href":"https:\/\/personaljerarquico.com.ar\/index.php\/wp-json\/wp\/v2\/tags?post=1119"}],"curies":[{"name":"wp","href":"https:\/\/api.w.org\/{rel}","templated":true}]}}