{"id":1115,"date":"2021-06-10T13:00:24","date_gmt":"2021-06-10T16:00:24","guid":{"rendered":"https:\/\/personaljerarquico.com.ar\/?p=1115"},"modified":"2021-06-10T13:08:22","modified_gmt":"2021-06-10T16:08:22","slug":"el-mismo-esfuerzo-todos-los-dias-a-cualquier-hora","status":"publish","type":"post","link":"https:\/\/personaljerarquico.com.ar\/index.php\/2021\/06\/10\/el-mismo-esfuerzo-todos-los-dias-a-cualquier-hora\/","title":{"rendered":"El mismo esfuerzo, todos los d\u00edas a cualquier hora"},"content":{"rendered":"\n<table width=\"100%\">\n<tbody>\n<tr>\n<td style=\"color: #333333;\" class=\"content-col\">\n<h1 style=\"text-align: center;\"><span style=\"font-size: 18pt;\">El mismo esfuerzo, <br>todos los d\u00edas a cualquier hora.<\/span><\/h1>\n<\/td>\n<\/tr>\n<tr>\n<td style=\"text-align: justify; color: #333333;\" class=\"content-col\"><span style=\"font-size: 14pt;\">Informamos a todos los Afiliados y&nbsp;<span>Asociados <\/span> que en el d\u00eda de la fecha, todas las estructuras met\u00e1licas destinadas al &#8220;domo&#8221; de la pileta del pr\u00f3ximo Club House de la ciudad de Malargue, ya est\u00e1n en camino.<\/span><br><br><span style=\"font-size: 14pt;\">Despu\u00e9s de tramitar los permisos correspondientes, tarea ardua porque est\u00e1bamos excedidos en altura y de largo total, en el caso de las columnas. Solucionado estos inconvenientes legales, volvimos a retomar el traslado.<\/span><br><br><\/td>\n<\/tr>\n<tr>\n<td style=\"text-align: center; color: #333333;\" class=\"content-col\"><img loading=\"lazy\" src=\"https:\/\/comunicate.email\/source\/5c4a19a00a8e3\/chica_001.jpg?1622318633768\" alt=\"\" width=\"416\" height=\"312\"><\/td>\n<\/tr>\n<tr>\n<td style=\"text-align: center; color: #333333;\" class=\"content-col\"><br><img loading=\"lazy\" src=\"https:\/\/comunicate.email\/source\/5c4a19a00a8e3\/chica_002.jpg?1622318657118\" alt=\"\" width=\"416\" height=\"312\"><\/td>\n<\/tr>\n<tr>\n<td style=\"text-align: center; color: #333333;\" class=\"content-col\"><em>Inicio del traslado, desde el <br>Club House Amuppetrol Maip\u00fa&nbsp;<\/em><em>07\/05\/2021<br><br><\/em><\/td>\n<\/tr>\n<tr>\n<td style=\"text-align: center; color: #333333;\" class=\"content-col\"><em><img loading=\"lazy\" src=\"https:\/\/comunicate.email\/source\/5c4a19a00a8e3\/chica_003.jpg?1622318853321\" alt=\"\" width=\"416\" height=\"312\"><\/em><\/td>\n<\/tr>\n<tr>\n<td style=\"text-align: center; color: #333333;\" class=\"content-col\"><em>Camiones listos con toda la estructura cargada, <\/em><br><em>a la espera de las habilitaciones correspondientes.&nbsp;07\/05\/2021<\/em><\/td>\n<\/tr>\n<tr>\n<td style=\"text-align: justify; color: #333333;\" class=\"content-col\"><span style=\"font-size: 14pt;\"><br>Luego del correspondiente asesoramiento por la entidad nacional a cargo del permiso, se hizo una redistribuci\u00f3n de la carga a un semi remolque extensible de 22mts, sin que sobresalga nada de la estructura, para cumplir con la normativa vigente.<br><br><\/span><\/td>\n<\/tr>\n<tr>\n<td style=\"text-align: center; color: #333333;\" class=\"content-col\"><img loading=\"lazy\" src=\"https:\/\/comunicate.email\/source\/5c4a19a00a8e3\/chica_004.jpg?1622319434415\" alt=\"\" width=\"464\" height=\"214\"><\/td>\n<\/tr>\n<tr>\n<td style=\"text-align: center; color: #333333;\" class=\"content-col\"><em>Redistribuci\u00f3n de carga, parte de las estructuras tuvieron que pasarse a un trailer de 22mts de largo.<\/em><\/td>\n<\/tr>\n<tr>\n<td style=\"text-align: justify; color: #333333;\" class=\"content-col\"><br><span style=\"font-size: 14pt;\">En el d\u00eda de ayer, s\u00e1bado 29 de Mayo, se encontraban en condiciones de circular por calles, rutas provinciales y nacionales. Llegando a su destino para la etapa de &#8220;ARENADO Y PINTADO&#8221; para&nbsp;remover la totalidad de la pintura, \u00f3xidos, grasas y dem\u00e1s componentes preexistentes y protegerla del \u00f3xido y corrosi\u00f3n.&nbsp;<br><\/span><\/td>\n<\/tr>\n<tr>\n<td style=\"color: #333333; text-align: center;\" class=\"content-col\"><br><img loading=\"lazy\" src=\"https:\/\/comunicate.email\/source\/5c4a19a00a8e3\/chica_005.jpg?1622321753673\" alt=\"\" width=\"318\" height=\"424\"><\/td>\n<\/tr>\n<tr>\n<td style=\"color: #333333; text-align: center;\" class=\"content-col\"><em>Descargando la estructura para su tratamiento <\/em><br><em>de arenado y pintado. Malarg\u00fce.<\/em><br><br><\/td>\n<\/tr>\n<tr>\n<td style=\"color: #333333; text-align: justify;\" class=\"content-col\"><span style=\"font-size: 14pt;\">Las dem\u00e1s partes de la estructura del techo, viaj\u00f3 hasta su destino final en el predio del Sindicato y Mutual en la ciudad de Malarg\u00fce, con la escolta sugerida por autoridades Nacionales y Provinciales por alg\u00fan caso excepcional que pueda ocurrir. Escoltaron a los camiones:<\/span><\/td>\n<\/tr>\n<tr>\n<td style=\"color: #333333;\" class=\"content-col\">\n<ul>\n<li><span style=\"font-size: 14pt;\">Julian Matamala <\/span><\/li>\n<li><span style=\"font-size: 14pt;\">Fabian Perez (Malarg\u00fce)<\/span><\/li>\n<li><span style=\"font-size: 14pt;\">German Martin (delegado TSB Coordinador Traslado)<\/span><\/li>\n<li><span style=\"font-size: 14pt;\">Miguel Rodriguez<\/span><\/li>\n<li><span style=\"font-size: 14pt;\">Sebastian Aguilar<\/span><\/li>\n<li><span style=\"font-size: 14pt;\">Alexis De la Llana<\/span><\/li>\n<li><span style=\"font-size: 14pt;\">Ariel Nicastro<\/span><\/li>\n<li><span style=\"font-size: 14pt;\">Daniel Ponce<\/span><\/li>\n<li><span style=\"font-size: 14pt;\">Hugo Sosa<\/span><\/li>\n<li><span style=\"font-size: 14pt;\">Jose Gonzalez&nbsp;<span>(Malarg\u00fce)<\/span><\/span><\/li>\n<li><span style=\"font-size: 14pt;\">Julio Diaz<\/span><\/li>\n<li><span style=\"font-size: 14pt;\">Julio Pravata<\/span><\/li>\n<\/ul>\n<\/td>\n<\/tr>\n<tr>\n<td style=\"color: #333333; text-align: justify;\" class=\"content-col\"><span style=\"font-size: 14pt;\">Queremos comunicar la alegr\u00eda que nos da haber culminado con una etapa m\u00e1s en la construcci\u00f3n de una promesa que hab\u00edamos tomado y comunicado a nuestros asociados. Una vez mas somos testigos de un &#8220;paso m\u00e1s&#8221; de nuestras instituciones. <br><br>Sigamos juntos por el camino emprendido.<\/span><\/td>\n<\/tr>\n<tr>\n<td style=\"color: #333333; text-align: center;\" class=\"content-col\"><span style=\"font-size: 14pt;\"><br>Juli\u00e1n Matamala<br>Secretario General &#8211; Presidente Mutual<br>Delegados y Colaboradores<br><br><\/span><\/td>\n<\/tr>\n<\/tbody>\n<\/table>\n\n\n\n<p><\/p>\n","protected":false},"excerpt":{"rendered":"<p>El mismo esfuerzo, todos los d\u00edas a cualquier hora. Informamos a todos los Afiliados y&nbsp;Asociados<\/p>\n","protected":false},"author":2,"featured_media":0,"comment_status":"open","ping_status":"open","sticky":false,"template":"","format":"standard","meta":{"_monsterinsights_skip_tracking":false,"_monsterinsights_sitenote_active":false,"_monsterinsights_sitenote_note":"","_monsterinsights_sitenote_category":0},"categories":[10],"tags":[],"featured_image_urls":{"full":"","thumbnail":"","medium":"","medium_large":"","large":"","1536x1536":"","2048x2048":"","ultp_layout_landscape_large":"","ultp_layout_landscape":"","ultp_layout_portrait":"","ultp_layout_square":"","magazine-7-slider-full":"","magazine-7-slider-center":"","magazine-7-featured":"","magazine-7-medium":"","magazine-7-medium-square":"","menu-24x24":"","menu-36x36":"","menu-48x48":""},"author_info":{"display_name":"Administracion SPPJ","author_link":"https:\/\/personaljerarquico.com.ar\/index.php\/author\/carolina\/"},"category_info":"<a href=\"https:\/\/personaljerarquico.com.ar\/index.php\/category\/laborsindical\/\" rel=\"category tag\">Labor sindical<\/a>","tag_info":"Labor sindical","comment_count":"0","_links":{"self":[{"href":"https:\/\/personaljerarquico.com.ar\/index.php\/wp-json\/wp\/v2\/posts\/1115"}],"collection":[{"href":"https:\/\/personaljerarquico.com.ar\/index.php\/wp-json\/wp\/v2\/posts"}],"about":[{"href":"https:\/\/personaljerarquico.com.ar\/index.php\/wp-json\/wp\/v2\/types\/post"}],"author":[{"embeddable":true,"href":"https:\/\/personaljerarquico.com.ar\/index.php\/wp-json\/wp\/v2\/users\/2"}],"replies":[{"embeddable":true,"href":"https:\/\/personaljerarquico.com.ar\/index.php\/wp-json\/wp\/v2\/comments?post=1115"}],"version-history":[{"count":2,"href":"https:\/\/personaljerarquico.com.ar\/index.php\/wp-json\/wp\/v2\/posts\/1115\/revisions"}],"predecessor-version":[{"id":1117,"href":"https:\/\/personaljerarquico.com.ar\/index.php\/wp-json\/wp\/v2\/posts\/1115\/revisions\/1117"}],"wp:attachment":[{"href":"https:\/\/personaljerarquico.com.ar\/index.php\/wp-json\/wp\/v2\/media?parent=1115"}],"wp:term":[{"taxonomy":"category","embeddable":true,"href":"https:\/\/personaljerarquico.com.ar\/index.php\/wp-json\/wp\/v2\/categories?post=1115"},{"taxonomy":"post_tag","embeddable":true,"href":"https:\/\/personaljerarquico.com.ar\/index.php\/wp-json\/wp\/v2\/tags?post=1115"}],"curies":[{"name":"wp","href":"https:\/\/api.w.org\/{rel}","templated":true}]}}